{"id":2868,"date":"2012-07-31T12:09:45","date_gmt":"2012-07-31T09:09:45","guid":{"rendered":"http:\/\/daimon.me\/blog\/?p=2868"},"modified":"2012-07-31T12:09:45","modified_gmt":"2012-07-31T09:09:45","slug":"doo-vorbe-sa-va-spun","status":"publish","type":"post","link":"http:\/\/daimon.me\/blog\/2012\/07\/doo-vorbe-sa-va-spun\/","title":{"rendered":"Doo vorbe s\u0103 v\u0103 spun"},"content":{"rendered":"<div class=\"entry\">\n<p style=\"text-align: justify;\">Salut. Io-s dintre \u0103ia care nu s-au prezentat la referendum. Da, fix pentru c\u0103 doream s\u0103 nu se \u00eendeplineasc\u0103 num\u0103rul minim de votan\u0163i, \u015fi astfel s\u0103 r\u0103m\u00e2n\u0103 pre\u015fedintele de drept. Da, pre\u015fedintele cu care am votat \u015fi \u00een 2009, ca s\u0103 \u015ftim cum st\u0103m.<\/p>\n<p style=\"text-align: justify;\">De ce? Pentru c\u0103 PNL de 3 ani st\u0103 \u00eentr-o alian\u0163\u0103 cu du\u015fmani ideologici, \u015fi nu pare ca lucrul \u0103sta s\u0103-i jeneze m\u0103car pu\u0163in. Pentru c\u0103 USL, de c\u00e2nd a urcat la guvernare, a demonstrat c\u0103 n-are cu cine. Pentru c\u0103 nu exist\u0103 pre\u015fedinte mai bun dec\u00e2t B\u0103sescu, da, o s-o spun pe-aia dreapt\u0103 \u015fi mai important\u0103. F\u0103r\u0103 plecarea \u015fobolanilor ca Frunz\u0103verde din PDL \u015fi a altor frico\u015fi, la ora asta social-liberalii st\u0103teau \u00eenc\u0103 pl\u00e2ng\u0103cio\u015fi pe bar\u0103. PDL, spre deosebire de destui al\u0163ii, l-a m\u0103tr\u0103\u015fit pe Sorin Apostu chiar c\u0103 era &#8220;de-al lor&#8221;, a mai remarcat cineva lucrul \u0103sta? Mie cel pu\u0163in \u00eemi pare c\u0103 futerea lui Apostu a declan\u015fat fuga restului \u015fobolanilor.<\/p>\n<p style=\"text-align: justify;\">V\u0103d c\u0103 8 milioane de rom\u00e2ni au votat pro demitere. \u00ceng\u0103dui\u0163i-mi s\u0103 am dubii. Lista cu <a href=\"http:\/\/www.monica-macovei.ro\/blog\/?p=1491\" target=\"_blank\">neregularit\u0103\u0163i <\/a>semnalate de Monica Macovei e cam lung\u0103, domnilor, \u015fi cam bate la ochi. La alegerile locale s-a l\u0103sat cu scandal \u00een zeci de sec\u0163ii de votare, acum a fost lini\u015fte perfect\u0103. Nu bate la ochi nicicui? Totul a fost perfect? Dac\u0103-l ascult\u0103m pe Victor Ponta, da, totul a fost perfect, nimeni n-a \u00eencercat s\u0103 fraudeze nimic. Dubios. Cam \u00een stilul PSD de a min\u0163i cu z\u00e2mbetul de buze, nu \u015ftiu cum a\u015f putea sc\u0103pa vreodat\u0103 de senza\u0163ia asta c\u0103 pesedi\u015ftii au cerin\u0163\u0103 de partid minciuna exersat\u0103. Apropo, din cercul meu apropiat de cuno\u015ftin\u0163e, 1 (o) persoan\u0103 din 6 s-a dus s\u0103 chiar voteze, restul nu. E posibil s\u0103 am eu bias \u015fi s\u0103 fiu excep\u0163ia, nestandardul, \u00eens\u0103 iar\u0103\u015fi am ca ni\u015fte dubii.<\/p>\n<p style=\"text-align: justify;\">At\u00e2t pentru azi. Scriu pentru c\u0103 brusc au t\u0103cut cei care \u00eenainte de referendum propuneau boicotarea, iar \u00een schimb a pornit un cor de sus\u0163in\u0103tori fanatici ai USL, dup\u0103 ce s-au v\u0103zut cu cifrele \u00een c\u0103ru\u0163\u0103. Unde erau ei \u00eenainte de vot? Mister. Pentru echilibru, era necesar s\u0103 zic \u015fi eu dou\u0103 vorbe. Mul\u0163am fain.<\/p>\n<p style=\"text-align: justify;\"><em>(comentarii \u00eenchise pentru c\u0103 n-am nici urm\u0103 de chef de polemic\u0103)<\/em><br \/>\n<em>(vre\u0163i s\u0103 r\u0103spunde\u0163i? scrie\u0163i cu pingback, cum se face pe internet, sau scrie\u0163i pe <a href=\"https:\/\/daimon.me\/blog\/wp-content\/uploads\/2012\/06\/e-mail-gmail.jpg\" target=\"_blank\">mail<\/a>)<\/em><\/p>\n<\/div>\n","protected":false},"excerpt":{"rendered":"<p>Salut. Io-s dintre \u0103ia care nu s-au prezentat la referendum. Da, fix pentru c\u0103 doream s\u0103 nu se \u00eendeplineasc\u0103 num\u0103rul minim de votan\u0163i, \u015fi astfel s\u0103 r\u0103m\u00e2n\u0103 pre\u015fedintele de drept. Da, pre\u015fedintele cu care am votat \u015fi \u00een 2009, ca s\u0103 \u015ftim cum st\u0103m. De ce? Pentru c\u0103 PNL de 3 ani st\u0103 \u00eentr-o alian\u0163\u0103 &#8230;<\/p>\n","protected":false},"author":4,"featured_media":0,"comment_status":"open","ping_status":"open","sticky":false,"template":"","format":"standard","meta":{"footnotes":""},"categories":[44],"tags":[],"class_list":{"0":"post-2868","1":"post","2":"type-post","3":"status-publish","4":"format-standard","6":"category-politica-si-economie","7":"anons"},"_links":{"self":[{"href":"http:\/\/daimon.me\/blog\/wp-json\/wp\/v2\/posts\/2868","targetHints":{"allow":["GET"]}}],"collection":[{"href":"http:\/\/daimon.me\/blog\/wp-json\/wp\/v2\/posts"}],"about":[{"href":"http:\/\/daimon.me\/blog\/wp-json\/wp\/v2\/types\/post"}],"author":[{"embeddable":true,"href":"http:\/\/daimon.me\/blog\/wp-json\/wp\/v2\/users\/4"}],"replies":[{"embeddable":true,"href":"http:\/\/daimon.me\/blog\/wp-json\/wp\/v2\/comments?post=2868"}],"version-history":[{"count":1,"href":"http:\/\/daimon.me\/blog\/wp-json\/wp\/v2\/posts\/2868\/revisions"}],"predecessor-version":[{"id":2869,"href":"http:\/\/daimon.me\/blog\/wp-json\/wp\/v2\/posts\/2868\/revisions\/2869"}],"wp:attachment":[{"href":"http:\/\/daimon.me\/blog\/wp-json\/wp\/v2\/media?parent=2868"}],"wp:term":[{"taxonomy":"category","embeddable":true,"href":"http:\/\/daimon.me\/blog\/wp-json\/wp\/v2\/categories?post=2868"},{"taxonomy":"post_tag","embeddable":true,"href":"http:\/\/daimon.me\/blog\/wp-json\/wp\/v2\/tags?post=2868"}],"curies":[{"name":"wp","href":"https:\/\/api.w.org\/{rel}","templated":true}]}}