{"id":32,"date":"2008-02-29T18:27:00","date_gmt":"2008-03-01T01:27:00","guid":{"rendered":"http:\/\/daimon.me\/blog\/?p=32"},"modified":"2008-02-29T18:27:00","modified_gmt":"2008-03-01T01:27:00","slug":"amintiri-din-autobuz","status":"publish","type":"post","link":"http:\/\/daimon.me\/blog\/2008\/02\/amintiri-din-autobuz\/","title":{"rendered":"Amintiri din autobuz .."},"content":{"rendered":"<div class=\"entry\">\n<p>A\u0163i v\u0103zut reclama la Vodafone? Sigur a\u0163i v\u0103zut-o! Aceea cu o gr\u0103mad\u0103 de bule de aer, cu replici nerostite, uitate \u00een cele mai ciudate locuri, ucise \u00een proiect .. \u015fi tagline &#8220;Cuvintele pe care nu le spui, se pierd&#8221;. No, printr-o ciudat\u0103 conjunctur\u0103, ajutat oleac\u0103 \u015fi ultima \u00eensemnare lui Qvo, m-am g\u00e2ndit s\u0103 trag o mic\u0103 recapitulare a vie\u0163ii mele de c\u0103l\u0103tor pe otobel, cu un capitol special.<\/p>\n<p>Dac\u0103 \u015fcoala general\u0103 am f\u0103cut-o \u00een zon\u0103, la distan\u0163a de 10 minute de cas\u0103, liceul l-am f\u0103cut unde a \u00een\u0163\u0103rcat mutu&#8217; iapa, la Shakespeare, \u00een Fabric. Ca \u015fi restul colegilor din zon\u0103, am avut greaua dilem\u0103 s\u0103 alegem un mijloc de transport. Greu nu mi-a fost, 43&#8217;u face frumos ruta \u00eentre podul de pe Calea \u015eagului \u015fi Fabrica de Bere, exact unde-mi trebuia mie; desigur, unii colegi au ales varianta ocolit\u0103, bus 33 + tramvai 2, cu avantajul c\u0103 33&#8217;u diminea\u0163a merge din 2 \u00een 2 minute, \u015fi la 7 &#8211; 7:30 nici nu e aglomerat. Da, 7:30, Shake a fost \u015fi este special \u015eI prin orarul defazat. \u00cen fine.<\/p>\n<p>A\u015fa c\u0103, timp de 4 ani, cu c\u00e2teva mici excep\u0163ii, am c\u0103l\u0103torit cu acela\u015fi autobuz. Deja \u015ftiam, \u00een func\u0163ie de or\u0103, pe cine voi \u00eent\u00e2lni, cine va \u00eent\u00e2rzia la servici, cine s-a trezit devreme, cine are chef s\u0103 citeasc\u0103 presa, cine are o zi proast\u0103. Eram ca un fel de comunitate secret\u0103, ne \u015ftiam cu to\u0163ii, ochii sclipind ciudat c\u00e2nd o persoan\u0103 cunoscut\u0103 urca. Ah well.<\/p>\n<p>Ciudat este altceva. Circulam cu dou\u0103 colege din clasa paralel\u0103 .. \u015fi cu noi pe bus, mai venea un grup, de la Calderon, care este \u015fi el \u00een drum (cu o sta\u0163ie \u00eenainte de cap\u0103t, mai precis). Joviali, dr\u0103gu\u0163i, volubili, dar fiecare cu grupul lui. Niciodat\u0103 nu ne-a dat prin cap s\u0103 facem un pas \u00een plus \u015fi s\u0103 spunem un &#8220;hey guys, dac\u0103 tot mergem \u00eempreun\u0103 de at\u00e2ta vreme, hai s\u0103 ne cunoa\u015ftem&#8221;. Nu pot blama chestia asta doar pe rivalitatea liceelor, sunt convins c\u0103 nu \u00eei futea pe ei grija c\u0103 suntem de la un liceu englezesc, a\u015fa cum nou\u0103 ni se rupea c\u0103 ei fac francez\u0103 la \u015fcoal\u0103. Nu, e un fel de barier\u0103, a temei de necunoscut, de cel\u0103lalt, care te \u00eempiedic\u0103 s\u0103 comunici.<\/p>\n<p>A\u015fa m-am prins c\u0103 are dreptate nenea \u0103la ce a spus &#8220;uneori, cea mai mare distan\u0163\u0103 este cea \u00eentre dou\u0103 persoane&#8221;.<\/p>\n<p>Ironia a f\u0103cut s\u0103 m\u0103 \u00eent\u00e2lnesc cu Mihai (cred c\u0103 i-am re\u0163inut bine numele, sper) pe coridoarele UVT, la \u00eenscrierile pentru facultate, moment \u00een care toate crisp\u0103rile dimine\u0163ilor au disp\u0103rut, am dat m\u00e2na ca vechi cuno\u015ftin\u0163e, am chatuit oleac\u0103 legat de locul unde mergem mai departe, \u015fi am disp\u0103rut \u00een cea\u0163\u0103. Mi se pare c\u0103 el voia la Poli, pe la ETC. Ah well, 4 ani posibil frumo\u015fi i-am irosit pentru c\u0103 ne-a fost team\u0103 tutoror s\u0103 deschidem dracului gura.<\/p>\n<p>\u00cen schimb, as some of you know, some not, vara asta am ajuns de vreo 4 ori prin Sibiu, cu ocazia diverselor concerte. \u015ei cum drumul e lung iar radioul nesatisf\u0103c\u0103tor \u00een plin c\u00e2mp, am participat la discu\u0163ii cu partenerii de compartiment. Nu pot spune c\u0103 a fost exact ce am vrut \u00eentotdeauna, odat\u0103 am picat \u00eentre femei v\u00e2rstnice, \u015fi am preferat s\u0103 admir peisajul de pe geam, dec\u00e2t s\u0103 primesc lec\u0163ii de pus gogo\u015farii sau de c\u00e2rpit izmenele so\u0163ului; cred c\u0103 am ie\u015fit la prima replic\u0103 gen &#8220;\u015ei tu tinere, unde mergi?&#8221;. Dar tot a\u015fa am f\u0103cut \u015fi vreo dou\u0103 cuno\u015ftin\u0163e bunicele. E o dinamic\u0103 social\u0103 foarte interesant\u0103 aici, fiecare \u015ftie c\u0103 dup\u0103 ce ai ie\u015fit din compartiment prezen\u0163a celuilalt se \u015fterge din memorie, a\u015fa c\u0103 uneori ai ocazia s\u0103 auzi cele mai intime m\u0103rturisiri, f\u0103cute cu siguran\u0163a c\u0103 soarta a ales aleatoriu exact o persoan\u0103 c\u0103reia nu \u00eei pas\u0103. Or so some hope.<\/p>\n<p>Long story short, revede\u0163i reclama de la Vodafone, realiza\u0163i c\u0103 au o dreptate enorm\u0103 .. \u015fi vorbi\u0163i cu to\u0163i oamenii care v\u0103 sunt familiari cumva. De pierdut nu este nimic .. doar de c\u00e2\u015ftigat. \u00cen fond, chiar \u015fi un autobuz poate fi un colectiv.<\/p>\n<\/div>\n","protected":false},"excerpt":{"rendered":"<p>A\u0163i v\u0103zut reclama la Vodafone? Sigur a\u0163i v\u0103zut-o! Aceea cu o gr\u0103mad\u0103 de bule de aer, cu replici nerostite, uitate \u00een cele mai ciudate locuri, ucise \u00een proiect .. \u015fi tagline &#8220;Cuvintele pe care nu le spui, se pierd&#8221;. No, printr-o ciudat\u0103 conjunctur\u0103, ajutat oleac\u0103 \u015fi ultima \u00eensemnare lui Qvo, m-am g\u00e2ndit s\u0103 trag o &#8230;<\/p>\n","protected":false},"author":4,"featured_media":0,"comment_status":"open","ping_status":"open","sticky":false,"template":"","format":"standard","meta":{"footnotes":""},"categories":[1],"tags":[],"class_list":{"0":"post-32","1":"post","2":"type-post","3":"status-publish","4":"format-standard","6":"category-fara","7":"anons"},"_links":{"self":[{"href":"http:\/\/daimon.me\/blog\/wp-json\/wp\/v2\/posts\/32","targetHints":{"allow":["GET"]}}],"collection":[{"href":"http:\/\/daimon.me\/blog\/wp-json\/wp\/v2\/posts"}],"about":[{"href":"http:\/\/daimon.me\/blog\/wp-json\/wp\/v2\/types\/post"}],"author":[{"embeddable":true,"href":"http:\/\/daimon.me\/blog\/wp-json\/wp\/v2\/users\/4"}],"replies":[{"embeddable":true,"href":"http:\/\/daimon.me\/blog\/wp-json\/wp\/v2\/comments?post=32"}],"version-history":[{"count":0,"href":"http:\/\/daimon.me\/blog\/wp-json\/wp\/v2\/posts\/32\/revisions"}],"wp:attachment":[{"href":"http:\/\/daimon.me\/blog\/wp-json\/wp\/v2\/media?parent=32"}],"wp:term":[{"taxonomy":"category","embeddable":true,"href":"http:\/\/daimon.me\/blog\/wp-json\/wp\/v2\/categories?post=32"},{"taxonomy":"post_tag","embeddable":true,"href":"http:\/\/daimon.me\/blog\/wp-json\/wp\/v2\/tags?post=32"}],"curies":[{"name":"wp","href":"https:\/\/api.w.org\/{rel}","templated":true}]}}