{"id":3708,"date":"2014-01-23T15:49:17","date_gmt":"2014-01-23T13:49:17","guid":{"rendered":"http:\/\/daimon.me\/blog\/?p=3708"},"modified":"2014-01-22T20:29:16","modified_gmt":"2014-01-22T18:29:16","slug":"de-ce-s-au-dat-bani-patriarhiei","status":"publish","type":"post","link":"http:\/\/daimon.me\/blog\/2014\/01\/de-ce-s-au-dat-bani-patriarhiei\/","title":{"rendered":"De ce s-au dat bani Patriarhiei?"},"content":{"rendered":"<div class=\"entry\">\n<p style=\"text-align: justify;\">Citesc \u00een pres\u0103 cum c\u0103<\/p>\n<blockquote><p><a href=\"http:\/\/www.tion.ro\/timisul-da-100-000-de-lei-pentru-catedrala-mantuirii-neamului\/1374787\" target=\"_blank\">Timisul da 100.000 de lei pentru Catedrala Mantuirii Neamului<\/a><\/p><\/blockquote>\n<p style=\"text-align: justify;\">Mai exact, s-a votat \u00een plenul Consiliului Jude\u0163ean Timi\u015f lucrul \u0103sta, \u00een urma cererii f\u0103cute de Patriarhie. Ce-i drept, n-au dat dec\u00eet a treia parte, nehali\u0163ii de la Bucure\u015fti cer\u00eend ini\u0163ial 300`000 RON. Vorba aia, parc\u0103-i doare pixu&#8217; s\u0103 scrie?<\/p>\n<p style=\"text-align: justify;\">\u00cen alt\u0103 ordine de idei, episodul \u0103sta m-a impulsionat s\u0103 caut numele &#8220;ale\u015filor&#8221; jude\u0163eni. Ia s\u0103 vedem cine-i domnule \u0103\u015ftia chema\u0163i s\u0103 decid\u0103 cum se cheltuie banul public? Din fericire, <a href=\"http:\/\/www.cjtimis.ro\/consiliul-judetean\/alesii-judeteni\/mandatul-2012-2016.html\" target=\"_blank\">saitul CJT<\/a> are o list\u0103 frumoas\u0103:<\/p>\n<ul>\n<li>Bojin Titu<\/li>\n<li>Bitea Nicolae-Florin<\/li>\n<li>Bojin Mih\u0103i\u0163\u0103<\/li>\n<li>Bologa Gheorghe<\/li>\n<li>Borha Liviu<\/li>\n<li>Cocean Liviu-Marius<\/li>\n<li>Cociobea Sorin<\/li>\n<li>Costa Cosmin-L\u0103scu\u0163<\/li>\n<li>Cr\u0103ciunescu Gabriela-Rodica<\/li>\n<li>Cutu Dorin-Pompiliu<\/li>\n<li>Davi\u0163oiu Ion<\/li>\n<li>Demea Dorel Ioan<\/li>\n<li>Dobra C\u0103lin-Ionel<\/li>\n<li>Gaita Oana-Dana<\/li>\n<li>Gavrili\u0163\u0103 Bianca-Miruna<\/li>\n<li>Juravle Petru<\/li>\n<li>L\u0103zureanu Aurel<\/li>\n<li>Lelescu Tiberiu-Procopie<\/li>\n<li>Martinescu Marius-Tiberiu<\/li>\n<li>Mihoc Marcel<\/li>\n<li>Moldovan Paul-Bogdan<\/li>\n<li>Negoi\u0163\u0103 Adrian Valentin<\/li>\n<li>Pau Radu-Adrian<\/li>\n<li>P\u0103\u015fcu\u0163\u0103 Adrian<\/li>\n<li>Plavo\u015fin Deian-Dan<\/li>\n<li>Popescu Marin<\/li>\n<li>Ritivoiu Mihai<\/li>\n<li>Rus Alain-Florin<\/li>\n<li>Rus Georgeta-Aurelia<\/li>\n<li>Stanciu Pompiliu<\/li>\n<li>Stancu Traian<\/li>\n<li>Marinconi-Marcu\u00a0Flavia-Stelu\u021ba- Georgeta<\/li>\n<li>Szatmari Ioan-\u015etefan<\/li>\n<li>Radu Marina- Rodica<\/li>\n<li>Vasile Marian Constantin<\/li>\n<li>Zanfir Florian<\/li>\n<li>Bertea Ilie<\/li>\n<\/ul>\n<p>\u0102\u015ftia-s, 37 cu to\u0163ii, pupa-i-am \u00een frunte.<\/p>\n<p>Privesc la pozele lor, majoritatea s\u00eent oameni trecu\u0163i de tinere\u0163e, galop\u00eend spre v\u00eersta a doua dac\u0103 nu chiar a treia. \u00cen\u0163eleg, unii au diverse tare, diverse reflexe de supunere fa\u0163\u0103 de Biseric\u0103 \u015fi tot ce \u00eenseamn\u0103 &#8220;religia tradi\u0163ional\u0103 la rom\u00e2ni&#8221;. Pot pricepe de ce unii o fac. Rom\u00e2nii e religio\u015fi \u015fi pro\u015fti, dac\u0103 ne spurc\u0103 popii dup-aia cine ne mai voteaz\u0103? Pricep, cum s\u0103 nu pricep de ce <em>unii<\/em> fac asta.<\/p>\n<p>Dar nici m\u0103car unul din \u0103\u015ftia mai tineri n-a g\u0103sit cu cale s\u0103 se g\u00eendeasc\u0103 la tinerii din jude\u0163, \u015fi s\u0103 voteze &#8220;nu&#8221;? Cociobea, Gaita, P\u0103\u015fcu\u0163\u0103, Ritivoiu, vreunul care s\u0103 se g\u00eendeasc\u0103 la \u015fcoli \u015fi spitale \u00een loc de a da banii la Bucure\u015fti? Nu reprezenta\u0163i sate \u015fi comune unde ar fi fost buni banii s\u0103 construim drumuri sau s\u0103 facem ceva util?<\/p>\n<p>Fi-v-ar ru\u015fine, b\u0103. Tuturor, \u00een grup \u015fi lua\u0163i individual.<\/p>\n<\/div>\n","protected":false},"excerpt":{"rendered":"<p>Citesc \u00een pres\u0103 cum c\u0103 Timisul da 100.000 de lei pentru Catedrala Mantuirii Neamului Mai exact, s-a votat \u00een plenul Consiliului Jude\u0163ean Timi\u015f lucrul \u0103sta, \u00een urma cererii f\u0103cute de Patriarhie. Ce-i drept, n-au dat dec\u00eet a treia parte, nehali\u0163ii de la Bucure\u015fti cer\u00eend ini\u0163ial 300`000 RON. Vorba aia, parc\u0103-i doare pixu&#8217; s\u0103 scrie? \u00cen &#8230;<\/p>\n","protected":false},"author":4,"featured_media":0,"comment_status":"open","ping_status":"open","sticky":false,"template":"","format":"standard","meta":{"footnotes":""},"categories":[44],"tags":[],"class_list":{"0":"post-3708","1":"post","2":"type-post","3":"status-publish","4":"format-standard","6":"category-politica-si-economie","7":"anons"},"_links":{"self":[{"href":"http:\/\/daimon.me\/blog\/wp-json\/wp\/v2\/posts\/3708","targetHints":{"allow":["GET"]}}],"collection":[{"href":"http:\/\/daimon.me\/blog\/wp-json\/wp\/v2\/posts"}],"about":[{"href":"http:\/\/daimon.me\/blog\/wp-json\/wp\/v2\/types\/post"}],"author":[{"embeddable":true,"href":"http:\/\/daimon.me\/blog\/wp-json\/wp\/v2\/users\/4"}],"replies":[{"embeddable":true,"href":"http:\/\/daimon.me\/blog\/wp-json\/wp\/v2\/comments?post=3708"}],"version-history":[{"count":1,"href":"http:\/\/daimon.me\/blog\/wp-json\/wp\/v2\/posts\/3708\/revisions"}],"predecessor-version":[{"id":3713,"href":"http:\/\/daimon.me\/blog\/wp-json\/wp\/v2\/posts\/3708\/revisions\/3713"}],"wp:attachment":[{"href":"http:\/\/daimon.me\/blog\/wp-json\/wp\/v2\/media?parent=3708"}],"wp:term":[{"taxonomy":"category","embeddable":true,"href":"http:\/\/daimon.me\/blog\/wp-json\/wp\/v2\/categories?post=3708"},{"taxonomy":"post_tag","embeddable":true,"href":"http:\/\/daimon.me\/blog\/wp-json\/wp\/v2\/tags?post=3708"}],"curies":[{"name":"wp","href":"https:\/\/api.w.org\/{rel}","templated":true}]}}