{"id":699,"date":"2009-12-02T19:44:09","date_gmt":"2009-12-02T17:44:09","guid":{"rendered":"http:\/\/daimon.me\/blog\/?p=699"},"modified":"2009-12-02T19:46:07","modified_gmt":"2009-12-02T17:46:07","slug":"cu-politica-intermezzo-in-piata-operei","status":"publish","type":"post","link":"http:\/\/daimon.me\/blog\/2009\/12\/cu-politica-intermezzo-in-piata-operei\/","title":{"rendered":"Cu politic\u0103 &#8211; intermezzo \u00een Pia\u0163a Operei."},"content":{"rendered":"<div class=\"entry\">\n<p style=\"text-align: justify;\">Ziua Na\u0163ional\u0103 \u015fi-a petrecut-o fiecare cum a \u015ftiut. La Timi\u015foara, chiar dac\u0103 organizarea a fost mai slab\u0103 ca \u00een al\u0163i ani, \u00een schimb show-ul nu a lipsit. Asta pentru c\u0103 ni\u015fte oameni de bine, gen Mircea Geoan\u0103 \u015fi \u015fleahta lui de ling\u0103i compus\u0103 din Crin Antonescu \u015fi Gheorghe Ciuhandu, au decis c\u0103 ei pot ca \u00een Pia\u0163a Operei s\u0103 afi\u015feze banner preziden\u0163ial \u015fi apoi s\u0103 mearg\u0103 acolo s\u0103 \u0163in\u0103 discursuri. Descrierea evenimentelor au f\u0103cut-o deja doi bloggeri, anume R<a href=\"http:\/\/www.gheoland.ro\/azi-in-timisoara-orasul-care-nu-uita\/\" target=\"_blank\">adu Pavel Gheo<\/a> \u015fi <a href=\"http:\/\/polimedia.us\/trilema\/2009\/cum-petrece-un-liberal-ziua-nationala\/\" target=\"_blank\">Mircea Popescu<\/a>, asta pe l\u00e2ng\u0103 firimiturile de adev\u0103r ap\u0103rute \u00een presa local\u0103 \u015fi na\u0163ional\u0103. Bun.<\/p>\n<p style=\"text-align: justify;\">Pe l\u00e2ng\u0103 zecile \u015fi sutele de reac\u0163ii mai mult sau mai pu\u0163in interesante ap\u0103rute imediat dup\u0103 (de manual este reac\u0163ia televiziunilor) &#8211; una mi-a atras aten\u0163ia \u00een mod special. Diatriba unui anume <a href=\"http:\/\/gotiu.viataclujeanului.ro\/2476\/scrisoare-deschisa-intelectualilor-din-timisoara-cu-ce-suntem-mai-buni-decat-minerii\" target=\"_blank\">Mihai Go\u0163iu<\/a> m-a pus pe g\u00e2nduri. S\u0103-i d\u0103m cuv\u00e2ntul:<\/p>\n<blockquote style=\"text-align: justify;\"><p>Oare chiar nu realiz\u0103m c\u0103, \u00een 1989 \u0219i 1990, am ie\u0219it \u00een strad\u0103, printre altele, dincolo de s\u0103r\u0103cie, vize pentru Europa \u0219i America, pentru un lucru esen\u021bial: dreptul de a ne exprima liber punctul de vedere? C\u0103 o minciun\u0103 sau o jignire nu poate fi comb\u0103tut\u0103 interzic\u00e2ndu-i celor care o prolifereaz\u0103 s\u0103 se pronun\u021be? C\u0103 nu putem invoca ni\u0219te simboluri, oric\u00e2t ne-ar fi de dragi \u0219i oric\u00e2t de tare ne-ar durea, pentru a-i interzice cuiva, fie \u0219i unui comunist s\u0103 vorbeasc\u0103?<\/p><\/blockquote>\n<p style=\"text-align: justify;\">Domnul ne spune deci c\u0103 timi\u015forenii ar fi vinova\u0163i. C\u0103 ar fi trebuit s\u0103-i lase s\u0103 vorbeasc\u0103 pe ace\u015fti domni. C\u0103 reac\u0163ia \u00eempotriva lor este a\u015fa, comunistoid\u0103!<\/p>\n<blockquote style=\"text-align: justify;\"><p>Transform\u00e2nd Pia\u021ba Operei \u00eentr-un obiect tabu, \u00eentr-un spa\u021biu interzis celor care nu sunt de acord cu dumneavoastr\u0103, a\u021bi reu\u0219it ceea ce nu a reu\u0219it Iliescu, dezbr\u0103carea ei de orice semnifica\u021bie. Probabil c\u0103 v-a\u021bi sim\u021bit provoca\u021bi c\u00e2nd a\u021bi aflat c\u0103 Geoan\u0103 vrea s\u0103-\u0219i adune manifestan\u021bii acolo, dar modul \u00een care a\u021bi r\u0103spuns la provocare a fost total gre\u0219it. Un anti-comunism care interzice manifest\u0103ri publice \u0219i declar\u0103 spa\u021bii interzise, nu e anti-comunism. E cel mai pur comunism. Oare chiar nu ne putem manifesta \u0219i reac\u021biona mai inteligent dec\u00e2t ei? Chiar nu mai avem alte argumente?<\/p><\/blockquote>\n<p style=\"text-align: justify;\">Sigur, discu\u0163ia s-a dus ad\u00e2nc \u00een comentarii, \u015fi spre final lovitura vine cam a\u015fa:<\/p>\n<blockquote style=\"text-align: justify;\"><p><a href=\"http:\/\/gotiu.viataclujeanului.ro\/2476\/scrisoare-deschisa-intelectualilor-din-timisoara-cu-ce-suntem-mai-buni-decat-minerii\/comment-page-1\/#comment-1498\" target=\"_blank\">Altfel, in refuzul de a accepta realitatea \u2013 faptul ca revolta din 1989 a fost o ACTIUNE POLITICA \u2013 vad fondul real al problemei. Cand o sa acceptati acest lucru, faptul ca simbolul pe care il invocati si il aparati este unul POLITIC, o sa putem merge mai departe cu discutia.<\/a><\/p><\/blockquote>\n<p style=\"text-align: justify;\">Mai sunt pe-acolo ni\u015fte compara\u0163ii tare plastice cu minerii \u015fi mineriadele, cum \u015fi b\u0103ie\u0163ii \u0103ia i-au oprimat pe intelectualii care protestau la Bucure\u015fti, cum pe scurt spiritul timi\u015forean este unul de frond\u0103 nociv\u0103. Cum cu domnul Mihai Go\u0163iu nu inten\u0163ionez s\u0103 mai intru \u00een dialog &#8211; av\u00e2nd \u00een vedere rezultatele nule ob\u0163inute de to\u0163i cei care i-au fost interlocutori, zis s\u0103 vorbesc mai bine singur aici.<\/p>\n<p style=\"text-align: justify;\">Ce nu vrea domnul Go\u0163iu s\u0103 \u00een\u0163eleag\u0103 este c\u0103 1989 a fost o ac\u0163iune exact de de-politizare! Cine a murit pe treptele catedralei nu a f\u0103cut-o pentru dreptul de a fi min\u0163it 20 de ani de diverse partide. Cine a strigat \u00een zilele acelea tulbure &#8220;Libertate&#8221; a dorit exact libertatea de a putea vorbi despre starea drumurilor \u015fi lipsa banilor, f\u0103r\u0103 ca asta s\u0103 fie interpretat politic contra cuiva. Ie\u015find \u00een strad\u0103, eroii acelui Decembrie nu au dorit doar libertatea de a c\u0103l\u0103tori, ci \u015fi pe cea ideologic\u0103! Libertatea de a forma grupuri, de a se aduna, de a vorbi liber, de a-\u015fi forma obiceiuri \u015fi tradi\u0163ii dincolo de linia Partidului.<\/p>\n<p style=\"text-align: justify;\">\u015ei ce avem dup\u0103 20 de ani? Ne amintim de politizarea din teritoriu f\u0103cut\u0103 de PSD \u00eentre 2000 \u015fi 2004? De \u015fefii de regii autonome \u015fi de institu\u0163ii, schimba\u0163i precum ciorapii, \u00een func\u0163ie de cum b\u0103tea v\u00e2ntul? De monopolizarea presei? Asta au dorit Eroii? Monopolul televiziunilor din zilele noastre este, la fel, de manual. Da, oamenii au ie\u015fit \u00een strad\u0103 \u015fi pentru pluralism politic. Da, prin asta oamenii au girat \u015fi existen\u0163a unui PSDR, spre exemplu. \u00cens\u0103 omite\u0163i c\u0103 ei au mai cerut ceva, simplu, mic, dar at\u00e2t de efectiv! Punctul 8 al Proclama\u0163iei, niciodat\u0103 aplicat, anume c\u0103 fo\u015ftii activi\u015fti politici s\u0103 nu aib\u0103 ce c\u0103uta \u00een a ne reprezenta din nou. Acest punct nu a fost aplicat de c\u0103tre nici un partid. Cum PSD are un pre\u015fedinte de onoare care a fost comunist de frunte, eu zic s\u0103 se bucure membrii lui c\u0103 este tolerat aici &#8211; darmite c\u0103 a ob\u0163inut un scor de 30 de procente. F\u0103r\u0103 punctul 8 aplicat suntem fix la nivelul anului 1990, adic\u0103 la 0. \u00cenc\u0103 avem dreptul de a alunga comuni\u015ftii, domnule!<\/p>\n<p style=\"text-align: justify;\">Cum \u00eei spuneam \u015fi lui Mihai G., dreptul de a declara un loc ca fiind tabu este dreptul inalienabil al timi\u015forenilor \u015fi doar al lor. E ora\u015ful lor. Sunt mor\u0163ii lor, rudele lor, spa\u0163iul lor. Conven\u0163ie social\u0103, dom&#8217;le. Sunt convins c\u0103 dac\u0103 vreun candidat PSD ar \u00eencerca s\u0103 \u0163in\u0103 discursuri \u00een Cimitirul Eroilor din Bucure\u015fti ar fi privit cu aceea\u015fi ostilitate. De c\u0103tre acela\u015fi gen de oameni, care au pierdut pe cineva drag acum 20 de ani. Ni\u015fte huligani incul\u0163i ?!<\/p>\n<p style=\"text-align: justify;\">Domnul Go\u0163iu perverte\u015fte no\u0163iunea de &#8220;libertate&#8221;, amintindu-ne c\u0103 au existat c\u00e2teva sute de sus\u0163in\u0103tori PSD care doreau a auzi discursul de ieri. Contextul nu \u00eel intereseaz\u0103, spa\u0163iul nu, doar faptul c\u0103 vezi-Doamne ace\u015ftia au fost discrimina\u0163i de restul lumii. No, mai ignora\u0163i contextul \u015fi data viitoare, \u00eencerca\u0163i s\u0103 lua\u0163i oala de pe aragaz chiar dac\u0103 e fierbinte, \u00eencerca\u0163i s\u0103 v\u0103 pi\u015fa\u0163i contra v\u00e2ntului, umbla\u0163i cu pieptul gol l\u00e2ng\u0103 garnizoana militar\u0103, este absolut normal s\u0103 o face\u0163i. Faptul c\u0103 cine \u00eencalc\u0103 un tabu este primul are gre\u015fe\u015fte nu pare a interesa, este un fapt ignorabil. Sau nu, dup\u0103 cum s-a v\u0103dit.<\/p>\n<p style=\"text-align: justify;\">Oamenii au luptat \u00een &#8217;89 pentru libertatea de a avea realitatea lor, diferit\u0103 de cea impus\u0103 de la centru. La 20 de ani dup\u0103, un clujean vine \u015fi ne explic\u0103 nou\u0103 cum trebuie s\u0103 st\u0103m cumin\u0163i \u015fi s\u0103 accept\u0103m discursul unui demagog \u015fi urma\u015f al lui Iliescu, c\u0103 doar a\u015fa func\u0163ioneaz\u0103 lucrurile, ce \u015ftie el despre Timi\u015foara este singura realitate valabil\u0103.<\/p>\n<p style=\"text-align: justify;\">Nu, domnule Go\u0163iu, via\u0163a social\u0103 primeaz\u0103. S-a ie\u015fit \u00een strad\u0103 pentru copii \u015fi pentru m\u00e2ncare plus c\u0103ldur\u0103 \u00een calorifere, pentru via\u0163\u0103 privat\u0103 \u015fi pentru o existen\u0163\u0103 demn\u0103. Peste 20 de ani, a veni \u00eentr-o comunitate \u015fi a nu-i respecta tabuurile este de domeniul fantasticului, este fix aruncarea la gunoi a demnit\u0103\u0163ii noastre, c\u0103 de fapt ce vrem noi \u015fi cine suntem noi s\u0103 spunem altora ce s\u0103 fac\u0103 \u00een Pia\u0163a Operei?<\/p>\n<p style=\"text-align: justify;\">Ni\u015fte golani, domnule. Nu v\u0103 sf\u0103tuiesc s\u0103 c\u0103lca\u0163i vreodat\u0103 pe-aici. S-ar putea s\u0103 nu v\u0103 <em>priasc\u0103 aerul<\/em>.<\/p>\n<\/div>\n","protected":false},"excerpt":{"rendered":"<p>Ziua Na\u0163ional\u0103 \u015fi-a petrecut-o fiecare cum a \u015ftiut. La Timi\u015foara, chiar dac\u0103 organizarea a fost mai slab\u0103 ca \u00een al\u0163i ani, \u00een schimb show-ul nu a lipsit. Asta pentru c\u0103 ni\u015fte oameni de bine, gen Mircea Geoan\u0103 \u015fi \u015fleahta lui de ling\u0103i compus\u0103 din Crin Antonescu \u015fi Gheorghe Ciuhandu, au decis c\u0103 ei pot ca &#8230;<\/p>\n","protected":false},"author":4,"featured_media":0,"comment_status":"open","ping_status":"open","sticky":false,"template":"","format":"standard","meta":{"footnotes":""},"categories":[1],"tags":[],"class_list":{"0":"post-699","1":"post","2":"type-post","3":"status-publish","4":"format-standard","6":"category-fara","7":"anons"},"_links":{"self":[{"href":"http:\/\/daimon.me\/blog\/wp-json\/wp\/v2\/posts\/699","targetHints":{"allow":["GET"]}}],"collection":[{"href":"http:\/\/daimon.me\/blog\/wp-json\/wp\/v2\/posts"}],"about":[{"href":"http:\/\/daimon.me\/blog\/wp-json\/wp\/v2\/types\/post"}],"author":[{"embeddable":true,"href":"http:\/\/daimon.me\/blog\/wp-json\/wp\/v2\/users\/4"}],"replies":[{"embeddable":true,"href":"http:\/\/daimon.me\/blog\/wp-json\/wp\/v2\/comments?post=699"}],"version-history":[{"count":1,"href":"http:\/\/daimon.me\/blog\/wp-json\/wp\/v2\/posts\/699\/revisions"}],"predecessor-version":[{"id":706,"href":"http:\/\/daimon.me\/blog\/wp-json\/wp\/v2\/posts\/699\/revisions\/706"}],"wp:attachment":[{"href":"http:\/\/daimon.me\/blog\/wp-json\/wp\/v2\/media?parent=699"}],"wp:term":[{"taxonomy":"category","embeddable":true,"href":"http:\/\/daimon.me\/blog\/wp-json\/wp\/v2\/categories?post=699"},{"taxonomy":"post_tag","embeddable":true,"href":"http:\/\/daimon.me\/blog\/wp-json\/wp\/v2\/tags?post=699"}],"curies":[{"name":"wp","href":"https:\/\/api.w.org\/{rel}","templated":true}]}}