{"id":355,"date":"2018-06-19T20:20:05","date_gmt":"2018-06-19T17:20:05","guid":{"rendered":"http:\/\/daimon.me\/aleph\/?p=355"},"modified":"2018-06-19T20:23:29","modified_gmt":"2018-06-19T17:23:29","slug":"renuntarea","status":"publish","type":"post","link":"https:\/\/daimon.me\/aleph\/2018\/renuntarea\/","title":{"rendered":"Renun\u021barea"},"content":{"rendered":"<p>Voiam s\u0103 scriu ceva \u00een englez\u0103, cu \u201ementally check-out\u201d, dar merge \u0219i-n rom\u00e2n\u0103. Se conjug\u0103 la persoana \u00eent\u00eei prin \u201eam renun\u021bat\u201d.<\/p>\n<p>Chestia asta de obicei se spune despre o rela\u021bie amoroas\u0103, sau despre o slujb\u0103. \u00ce\u021bi dai <em>check-out<\/em> dintr-o rela\u021bie, \u00een sensul c\u0103 de\u0219i mai \u201ee\u0219ti\u201d \u00eempreun\u0103 cu persoana, totu\u0219i tu nu acolo \u00ee\u021bi investe\u0219ti eforturile, ci deja visezi la \u201eurm\u0103torul\u201d. \u00ce\u021bi dai check-out de la locul de munc\u0103 atunci c\u00eend nu-\u021bi mai pas\u0103 dac\u0103 m\u00eeine vei mai fi angajat sau nu.<\/p>\n<p>Oare po\u021bi renun\u021ba la o \u021bar\u0103?<\/p>\n<p style=\"text-align: center;\">*<\/p>\n<p>Eu unul am fost un copil al revolu\u021biei \u0219i-al tranzi\u021biei. Am \u00eenceput clasele primare \u00een 1995.<\/p>\n<p>Am tr\u0103it copil\u0103ria \u0219i chiar adolescen\u021ba cu eterna explica\u021bie despre starea \u021b\u0103rii: \u201e<em>suntem \u00een tranzi\u021bie<\/em>\u201d. Nu se \u0219tia clar ce fel de tranzi\u021bie, dinspre ce \u0219i \u00eenspre ce; dac\u0103 am fi \u00eentrebat 5 jurnali\u0219ti, am fi primit 5 r\u0103spunsuri diferite. Tranzi\u021bionam de la o groaz\u0103 de chestii: de la comunism spre democra\u021bie, de la economie centralizat\u0103 la una c\u00eet de c\u00eet mai liber\u0103, de la opresiune ideologic\u0103 la o pia\u021b\u0103 variat\u0103 de idei &#8230; \u00een fine.<\/p>\n<p>P\u0103rin\u021bii mei \u0219i-au distrus v\u00eersta a doua a\u0219tept\u00eend vremurile mai bune. Nu era clar \u00een ce fel vor fi mai bune, dar se spera c\u0103 vor veni. Au \u0219i venit, cumva. Dar p\u0103rin\u021bilor nu le d\u0103 nimeni \u00eenapoi anii, mamei nu-i compenseaz\u0103 nimic faptul c\u0103 anul 2000 o prindea \u00een jurul v\u00eerstei de 40 de ani. Fuse \u0219i se duse perioada aia, ca un fum.<\/p>\n<p>Tranzi\u021bie, eh. Nici nu \u0219tim c\u00eend s-a \u00eengropat termenul, dar \u0219tim clar c-a fost o denumire \u00eendulcit\u0103 pentru \u201e<em>suntem pro\u0219ti \u0219i avem conduc\u0103tori pro\u0219ti, deci progresul este lent<\/em>\u201d.<\/p>\n<p style=\"text-align: center;\">*<\/p>\n<p>Genera\u021biile care m\u0103 preced au fost toate de sacrificiu. Tinerii ajun\u0219i la 21 de ani \u00eenainte de 2007<sup><a href=\"#footnote_1_355\" id=\"identifier_1_355\" class=\"footnote-link footnote-identifier-link\" title=\"Am ales v&icirc;rsta c&icirc;nd e\u0219ti proasp\u0103t licen\u021biat, \u0219i deci lista de scuze pentru a &icirc;ncepe s\u0103 munce\u0219ti pe bune chiar devine sub\u021bire.\">[1]<\/a><\/sup> au prins perioada pre-UE, cu s\u0103r\u0103cie aproximativ\u0103 \u0219i cu haos \u0219i mai aproximativ. Urm\u0103torii au prins criza din 2008-2009. Urm\u0103torii pur \u0219i simplu s-au prins c\u0103 \u00een restul \u021b\u0103rilor din UE c\u00ee\u0219tig\u0103 de 3x-5x mai mult ca acas\u0103.<\/p>\n<p>Eu ajung acu\u0219ica la 30 de ani. <strong>Nu mai am timp.\u00a0<\/strong>Nu vreau s\u0103 fiu \u0219i eu din genera\u021bia de sacrificiu.<\/p>\n<p>C\u00ee\u0219tig de vreo 3 ani \u00eencoace peste mediana \u021b\u0103rii. \u00cemi permit chestii la care mama mea n-ar fi visat. Moneda noastr\u0103, chiar dac\u0103 \u0219ade la un factor de 1:4 fa\u021b\u0103 de euro<sup><a href=\"#footnote_2_355\" id=\"identifier_2_355\" class=\"footnote-link footnote-identifier-link\" title=\"Da, de fapt este 4,6. Aproximez \u0219i eu.\">[2]<\/a><\/sup>, totu\u0219i este bunicic\u0103. Ne permitem s\u0103 ne d\u0103m vioi \u00een vacan\u021be pe la greci \u0219i bulgari, ba chiar \u0219i prin Europa de Vest pe intervale limitate<sup><a href=\"#footnote_3_355\" id=\"identifier_3_355\" class=\"footnote-link footnote-identifier-link\" title=\"Eu am cheltuit lejer peste mia de lire &icirc;n Anglia, &icirc;n iarn\u0103. Nici nu-i mult, e chiar pu\u021bin.\">[3]<\/a><\/sup><\/p>\n<p>Problema este turma de chestiuni conexe, care nu \u021bin doar de bani, ci \u0219i de limit\u0103rile faptului c\u0103 suntem o \u021bar\u0103 la periferia Europei (<em>\u0219i cultural, dar \u0219i geografic vorbind; nu mai zic de bani<\/em>). Nu-mi permit s\u0103-mi construiesc o bul\u0103 de str\u0103in\u0103tate a\u0219a cum doresc. Nu vreau s\u0103 pl\u0103tesc 15 lire transportul pe Amazon UK, doar pentru c\u0103 vreau c\u00eete o chestie care la noi nu se import\u0103. Nu doresc s\u0103 stau s\u0103 discut cu Po\u0219ta Rom\u00e2n\u0103 pentru a-mi smulge din ghearele lor coletele de pe Amazon sau Aliexpress. Sunt filfizon? Nu, sunte\u021bi voi prea obi\u0219nui\u021bi cu lipsurile.<\/p>\n<p>S\u0103n\u0103tatea nu-mi permite s\u0103 stau \u00eentr-un ora\u0219 \u00een care \u0219antierul Openville arunc\u0103 cu praf \u00een atmosfer\u0103 de luni \u00eentregi, iar fabrica Continental arunc\u0103 cu mirosuri ur\u00eete \u00eenc\u0103 de la \u00eenfiin\u021bare. Timi\u0219oara pute vara a hoit pe alocuri.<\/p>\n<p>Cam toate aspectele vie\u021bii pot suferi \u00eembun\u0103t\u0103\u021biri semnificative. Drepturile chiria\u0219ului? Traficul, \u00een special inter-urban? Transportul de mas\u0103? Grija pentru spa\u021biul public? Grija administra\u021biei pentru popula\u021bie? Pot \u00eenchide ochii \u0219i pot pune degetul oriunde mai la vest de Rom\u00e2nia, \u0219i ating o \u021bar\u0103 unde minim jum\u0103tate din probleme sunt ori minore, ori rezolvate mul\u021bumitor. Ba chiar dac\u0103 am noroc, este fix subsetul de probleme <em>care chiar m\u0103 rod<\/em>.<\/p>\n<p>Probabil se vor rezolva toate astea \u00een \u00eenc\u0103 20 de ani, \u0219i cu mul\u021bi nervi. Poate s-o g\u0103si un grup de oameni care s\u0103 trag\u0103 Rom\u00e2nia, <em>kicking and screaming<\/em>, mai spre respirabilitate. Nu \u0219tiu. Mie mi-a r\u0103mas pe creier citatul \u0103sta de pe Trilema, \u0219i nu pot s\u0103 nu-i v\u0103d actualitatea oric\u00eend ascult iar \u0219tirile politice:<\/p>\n<blockquote><p>Cu cat sunt mai legati [oamenii] de glie, cu atat mai probabil este ca vor fi prost tratati. Statul isi pune problema in termenii corecti, chiar daca n-o face neaparat explicit. &#8222;Si ? Ce pot sa faca, unde sa se duca ?&#8221;. De-asta va ranjeste superior Udrea, desi stie ca n-are scoala, ca n-are merite, ca n-are valoare. Nu conteaza asta. Ce puteti sa faceti ?<\/p>\n<p>Nu puteti sa faceti nimic, pentru ca romanul mediu e educat (de catre stat) in cultul unei nationalitati tampe, si-a unei dependente ignobile. Tarisoara, satul copilariei, cum sa plec eu sa las bunicii\/parintii, bla bla bla. Chestiile astea sunt cauzele adanci si profunde pentru care inghititi cacat cu polonicul si primiti praf in ochi cu KMZ-ul. Autostrada ? Nu-i nevoie, fraierii stau aici si fara. Infrastructura ? Nu-i nevoie, fraierii sunt asa de fericiti sa &#8222;aiba casa lor&#8221; ca locuiesc si-n noroi. Calitatea vietii, aerului, chestii, trestii, socoteli ? Nu-i nevoie.<\/p>\n<p>Nici nu este. Pentru ca romanul mediu crediteaza fantasme nationaliste ramase din secolele trecute statul roman n-are nevoie sa faca nimic, e suficient sa administreze corect fantasmele respective. Situatia respectiva nu-i doar aici, am observat in decursul calatoriilor ca exista o excelenta corelatie intre nationalismul localnicilor si calitatea vietii lor. Cu cat cred mai mult in &#8222;tarisoara&#8221; cu atat o iau mai aspru in bot de la administratorul &#8222;tarisoarei&#8221;, statul.<\/p>\n<p>(<a href=\"http:\/\/trilema.com\/2010\/traiasca-romania-dodoloata\/#selection-45.9-53.471\">sursa<\/a>)<\/p><\/blockquote>\n<p style=\"text-align: center;\">*<\/p>\n<p>Bine? Eu nu mai am la dispozi\u021bie 20 de ani ca s\u0103 a\u0219tept s\u0103 ne ajung\u0103 \u0219i pe noi timpurile moderne din urm\u0103. Nu mai am \u00eenc\u0103 20 de ani \u00een care s\u0103 a\u0219tept vindecarea de na\u021bionalism t\u00eemp, sau s\u0103 a\u0219tept educarea electoratului, care s\u0103-i \u00eeng\u0103duie s\u0103 aleag\u0103 <em>altceva<\/em>.<\/p>\n<p>Ca atare, eu am \u00eencep\u00eend de mai ieri termen de expirare. \u00centr-o zi voi posta din Eindhoven, sau din Paris, sau din ceva c\u0103tun elve\u021bian. \u0218i asta-i tot, via\u021ba merge \u00eenainte, pentru fiecare cum \u0219i-o a\u0219terne. Eu am dat check out. Am renun\u021bat la rela\u021bia cu Rom\u00e2nia.<\/p>\n----------<ol class=\"footnotes\"><li id=\"footnote_1_355\" class=\"footnote\">Am ales v\u00eersta c\u00eend e\u0219ti proasp\u0103t licen\u021biat, \u0219i deci lista de scuze pentru a \u00eencepe s\u0103 munce\u0219ti pe bune chiar devine sub\u021bire.<span class=\"footnote-back-link-wrapper\">[<a href=\"#identifier_1_355\" class=\"footnote-link footnote-back-link\">&#8617;<\/a>]<\/span><\/li><li id=\"footnote_2_355\" class=\"footnote\">Da, de fapt este 4,6. Aproximez \u0219i eu.<span class=\"footnote-back-link-wrapper\">[<a href=\"#identifier_2_355\" class=\"footnote-link footnote-back-link\">&#8617;<\/a>]<\/span><\/li><li id=\"footnote_3_355\" class=\"footnote\">Eu am cheltuit lejer peste mia de lire \u00een Anglia, \u00een iarn\u0103. Nici nu-i mult, e chiar pu\u021bin.<span class=\"footnote-back-link-wrapper\">[<a href=\"#identifier_3_355\" class=\"footnote-link footnote-back-link\">&#8617;<\/a>]<\/span><\/li><\/ol>----------","protected":false},"excerpt":{"rendered":"<p>Voiam s\u0103 scriu ceva \u00een englez\u0103, cu \u201ementally check-out\u201d, dar merge \u0219i-n rom\u00e2n\u0103. Se conjug\u0103 la persoana \u00eent\u00eei prin \u201eam renun\u021bat\u201d. Chestia asta de obicei se spune despre o rela\u021bie amoroas\u0103, sau despre o slujb\u0103. <a class=\"more-link\" href=\"https:\/\/daimon.me\/aleph\/2018\/renuntarea\/\">&#8230; > > > > ><\/a><\/p>\n","protected":false},"author":2,"featured_media":0,"comment_status":"closed","ping_status":"open","sticky":false,"template":"","format":"standard","meta":{"footnotes":""},"categories":[6],"tags":[],"class_list":["post-355","post","type-post","status-publish","format-standard","hentry","category-jurnal"],"_links":{"self":[{"href":"https:\/\/daimon.me\/aleph\/wp-json\/wp\/v2\/posts\/355","targetHints":{"allow":["GET"]}}],"collection":[{"href":"https:\/\/daimon.me\/aleph\/wp-json\/wp\/v2\/posts"}],"about":[{"href":"https:\/\/daimon.me\/aleph\/wp-json\/wp\/v2\/types\/post"}],"author":[{"embeddable":true,"href":"https:\/\/daimon.me\/aleph\/wp-json\/wp\/v2\/users\/2"}],"replies":[{"embeddable":true,"href":"https:\/\/daimon.me\/aleph\/wp-json\/wp\/v2\/comments?post=355"}],"version-history":[{"count":12,"href":"https:\/\/daimon.me\/aleph\/wp-json\/wp\/v2\/posts\/355\/revisions"}],"predecessor-version":[{"id":367,"href":"https:\/\/daimon.me\/aleph\/wp-json\/wp\/v2\/posts\/355\/revisions\/367"}],"wp:attachment":[{"href":"https:\/\/daimon.me\/aleph\/wp-json\/wp\/v2\/media?parent=355"}],"wp:term":[{"taxonomy":"category","embeddable":true,"href":"https:\/\/daimon.me\/aleph\/wp-json\/wp\/v2\/categories?post=355"},{"taxonomy":"post_tag","embeddable":true,"href":"https:\/\/daimon.me\/aleph\/wp-json\/wp\/v2\/tags?post=355"}],"curies":[{"name":"wp","href":"https:\/\/api.w.org\/{rel}","templated":true}]}}