{"id":502,"date":"2018-12-22T00:41:05","date_gmt":"2018-12-21T22:41:05","guid":{"rendered":"http:\/\/daimon.me\/aleph\/?p=502"},"modified":"2018-12-22T00:50:40","modified_gmt":"2018-12-21T22:50:40","slug":"bucovina-septentrion-la-cald","status":"publish","type":"post","link":"https:\/\/daimon.me\/aleph\/2018\/bucovina-septentrion-la-cald\/","title":{"rendered":"Bucovina &#8211; Septentrion (la cald)"},"content":{"rendered":"<p>Am descoperit acum un ceas c\u0103 albumul nou de la Bucovina se afl\u0103 disponibil pe Yotube, ba chiar pe canalul oficial al trupei.<\/p>\n<p>\u00cen primul r\u00eend, se apas\u0103 pe butonu&#8217; de redare:<\/p>\n<p><iframe loading=\"lazy\" src=\"https:\/\/www.youtube-nocookie.com\/embed\/IRygqsenheo\" width=\"560\" height=\"315\" frameborder=\"0\" allowfullscreen=\"allowfullscreen\"><\/iframe><\/p>\n<p>\u00cen al doilea r\u00eend &#8230;nu exist\u0103 al doilea r\u00eend. Albumul este pentru mine prea proasp\u0103t pentru a-mi \u00eeng\u0103dui s\u0103-mi formez o opinie. Am ascultat pe s\u0103rite de vreo dou\u0103 ori.<\/p>\n<p style=\"text-align: center;\">*<\/p>\n<p>Totu\u0219i, o impresie la cald.<\/p>\n<p>Tehnic vorbind este clar un material bine lucrat. Avem \u0219i acela\u0219i sound, semn\u0103tura specific\u0103 Bucovina, ritmul la chitar\u0103 \u0219i tobe recogniscibil instant. \u00cens\u0103 la nivelul \u0103la de <em>feeling<\/em>, de sim\u021bire, parc\u0103 ceva lipse\u0219te. Mintea nu mi se aga\u021b\u0103 nici m\u0103car de o singur\u0103 pies\u0103. Pe anumite piese vocea e de-a dreptul plat\u0103, f\u0103r\u0103 chef.<\/p>\n<p>Momentan fredonez buc\u0103\u021bi din \u201eStele C\u0103l\u0103uz\u0103\u201d &#8211;<\/p>\n<blockquote><p><em>Dincolo de z\u0103ri pa\u0219ii mei m\u0103 duc,<\/em><\/p>\n<p><em>Spre sure dep\u0103rt\u0103ri, chem\u0103ri de neoprit,<\/em><\/p>\n<p><em>Sunt g\u00eenduri ce dormeau ascunse-n mintea mea<\/em><\/p>\n<p><em>Sub sc\u0103p\u0103r\u0103ri de stele acuma s-au trezit.<\/em><\/p>\n<p><em>Materia mi-e mam\u0103, trecutul tat\u0103 drag &#8230; (&#8230;)<\/em><\/p><\/blockquote>\n<p>Da!<\/p>\n<blockquote><p><em>\u0218i zorii i-am supus, am \u00eembl\u00eenzit comete &#8230;<\/em><\/p><\/blockquote>\n<p>Nu-i vreun Duh sau vreun Mestec\u0103ni\u0219, dar nu-i nici de lep\u0103dat. Mai ascult albumul de c\u00eeteva ori, ceea ce v\u0103 doresc \u0219i dumneavoastr\u0103.<\/p>\n<p style=\"text-align: center;\">*<\/p>\n<p style=\"text-align: right;\"><span style=\"color: #800000;\"><em>n.b. De c\u00eend am auzit numele albumului prima dat\u0103, am citit gre\u0219it Septembrion. Chiar \u0219i cu titlul \u00een fa\u021b\u0103, pe Youtube. <\/em><\/span><br \/>\n<span style=\"color: #800000;\"><em>Nu fi\u021b&#8217; pro\u0219ti ca mine, se scrie SEPTENTRION, \u0219i \u00eenseamn\u0103 <a style=\"color: #800000;\" href=\"https:\/\/dexonline.ro\/definitie\/septentrion\">miaz\u0103noapte<\/a>. Evident c\u0103 nu se putea f\u0103r\u0103 o referin\u021b\u0103 geografic\u0103.<\/em><\/span><\/p>\n","protected":false},"excerpt":{"rendered":"<p>Am descoperit acum un ceas c\u0103 albumul nou de la Bucovina se afl\u0103 disponibil pe Yotube, ba chiar pe canalul oficial al trupei. \u00cen primul r\u00eend, se apas\u0103 pe butonu&#8217; de redare: \u00cen al doilea <a class=\"more-link\" href=\"https:\/\/daimon.me\/aleph\/2018\/bucovina-septentrion-la-cald\/\">&#8230; > > > > ><\/a><\/p>\n","protected":false},"author":2,"featured_media":0,"comment_status":"open","ping_status":"open","sticky":false,"template":"","format":"standard","meta":{"footnotes":""},"categories":[15],"tags":[],"class_list":["post-502","post","type-post","status-publish","format-standard","hentry","category-ce-am-inteles-din"],"_links":{"self":[{"href":"https:\/\/daimon.me\/aleph\/wp-json\/wp\/v2\/posts\/502","targetHints":{"allow":["GET"]}}],"collection":[{"href":"https:\/\/daimon.me\/aleph\/wp-json\/wp\/v2\/posts"}],"about":[{"href":"https:\/\/daimon.me\/aleph\/wp-json\/wp\/v2\/types\/post"}],"author":[{"embeddable":true,"href":"https:\/\/daimon.me\/aleph\/wp-json\/wp\/v2\/users\/2"}],"replies":[{"embeddable":true,"href":"https:\/\/daimon.me\/aleph\/wp-json\/wp\/v2\/comments?post=502"}],"version-history":[{"count":4,"href":"https:\/\/daimon.me\/aleph\/wp-json\/wp\/v2\/posts\/502\/revisions"}],"predecessor-version":[{"id":506,"href":"https:\/\/daimon.me\/aleph\/wp-json\/wp\/v2\/posts\/502\/revisions\/506"}],"wp:attachment":[{"href":"https:\/\/daimon.me\/aleph\/wp-json\/wp\/v2\/media?parent=502"}],"wp:term":[{"taxonomy":"category","embeddable":true,"href":"https:\/\/daimon.me\/aleph\/wp-json\/wp\/v2\/categories?post=502"},{"taxonomy":"post_tag","embeddable":true,"href":"https:\/\/daimon.me\/aleph\/wp-json\/wp\/v2\/tags?post=502"}],"curies":[{"name":"wp","href":"https:\/\/api.w.org\/{rel}","templated":true}]}}