{"id":771,"date":"2020-12-07T10:25:20","date_gmt":"2020-12-07T08:25:20","guid":{"rendered":"http:\/\/daimon.me\/aleph\/?p=771"},"modified":"2020-12-07T10:25:20","modified_gmt":"2020-12-07T08:25:20","slug":"dimineti-cu-fundal-sonor-alt-cadou","status":"publish","type":"post","link":"https:\/\/daimon.me\/aleph\/2020\/dimineti-cu-fundal-sonor-alt-cadou\/","title":{"rendered":"Dimine\u021bi cu fundal sonor. Alt cadou."},"content":{"rendered":"<p>Era o zi de var\u0103, iar eu eram invitat la o cafea, s\u00eemb\u0103t\u0103 diminea\u021b\u0103. M\u0103 prezint regulamentar. Ca imagine de fundal, o cas\u0103 de prin cartiere, u\u0219or ne\u00eentre\u021binut\u0103, u\u0219or scorojit\u0103 pe alocuri, cu o curte interioar\u0103 \u0219i cu c\u0103\u021bei.<sup><a href=\"#footnote_1_771\" id=\"identifier_1_771\" class=\"footnote-link footnote-identifier-link\" title=\"Scenariu tipic de &bdquo;nu-i casa mea&rdquo;, a nu se &icirc;n\u021belege c\u0103 critic sau ceva.\">[1]<\/a><\/sup><\/p>\n<p>M\u0103 prime\u0219te fata cu cafeaua f\u0103cut\u0103, pe teras\u0103, la aer. Dar \u00eenainte s\u0103 ne a\u0219ez\u0103m \u0219i s\u0103 poftim la taclale, fuge \u00eenauntru la aparatul de pick-up, caut\u0103 printre discuri, \u0219i pune un Coltrane, s\u0103 fie. Sincer zic, p\u00een\u0103 la 31 de ani nu mi-a trecut prin cap c\u0103 ar putea fi o idee de\u0219teapt\u0103 s\u0103-\u021bi faci atmosfer\u0103 de cafenea, dar la tine \u00een cas\u0103.<\/p>\n<p>Restul ce-a urmat \u00een acea zi, sau \u00een zilele de dup\u0103, chiar nu conteaz\u0103; nu are leg\u0103tur\u0103 cu povestea aici de fa\u021b\u0103.<sup><a href=\"#footnote_2_771\" id=\"identifier_2_771\" class=\"footnote-link footnote-identifier-link\" title=\"Spoiler alert: n-a fost s\u0103 fie.\">[2]<\/a><\/sup> Ce-i cert este c\u0103 am r\u0103mas cu o idee \u0219i-un obicei faine.<\/p>\n<p style=\"text-align: center;\">*<\/p>\n<p>Pentru compara\u021bie, cam a\u0219a arat\u0103 \u00een aceast\u0103 diminea\u021b\u0103 lucrurile la mine pe teras\u0103:<\/p>\n<div id=\"attachment_772\" style=\"width: 610px\" class=\"wp-caption aligncenter\"><img loading=\"lazy\" decoding=\"async\" aria-describedby=\"caption-attachment-772\" class=\"size-full wp-image-772\" src=\"https:\/\/daimon.me\/aleph\/wp-content\/uploads\/2020\/12\/IMG_20201207_090642.jpg\" alt=\"\" width=\"600\" height=\"394\" srcset=\"https:\/\/daimon.me\/aleph\/wp-content\/uploads\/2020\/12\/IMG_20201207_090642.jpg 600w, https:\/\/daimon.me\/aleph\/wp-content\/uploads\/2020\/12\/IMG_20201207_090642-400x263.jpg 400w\" sizes=\"auto, (max-width: 600px) 100vw, 600px\" \/><p id=\"caption-attachment-772\" class=\"wp-caption-text\">Cu v\u00eent \u0219i cu frig<\/p><\/div>\n<p>Noa, p\u0103i ce merge la un a\u0219a peisaj? Merge o cafea cu scor\u021bi\u0219oar\u0103 \u0219i alte arome. Merge o \u021bigare.<\/p>\n<p>\u0218i pe l\u00eeng\u0103 asta, merge prin boxe un Ravel, spre exemplu.<\/p>\n<p><iframe loading=\"lazy\" src=\"https:\/\/www.youtube.com\/embed\/GKkeDqJBlK8\" width=\"560\" height=\"315\" frameborder=\"0\" allowfullscreen=\"allowfullscreen\"><\/iframe><\/p>\n<p>Merge? Merge!<\/p>\n<p>C\u00eend ochii-s \u00eenc\u0103 miji\u021bi a somn, c\u00eend c\u0103ldura patului \u00eenc\u0103 st\u0103 pe piele ca o p\u0103tur\u0103 \u00een plus &#8230; p\u0103i poate \u0219i fundalul sonor trebuie s\u0103 ne \u00eenveleasc\u0103 cumva. Poate un jazz, poate un electro-swing, poate muzic\u0103 clasic\u0103 &#8230;<\/p>\n<p>\u0218i cam asta. Am un nou tabiet, \u0219i-i fain.<\/p>\n<p style=\"text-align: right;\"><em><span style=\"color: #800000;\">n.b. Partea cu \u201ecadou\u201d din titlu e referin\u021b\u0103 la <a style=\"color: #800000;\" href=\"http:\/\/daimon.me\/blog\/2017\/08\/multumesc\/\">alte cadouri<\/a>.<\/span><\/em><\/p>\n----------<ol class=\"footnotes\"><li id=\"footnote_1_771\" class=\"footnote\">Scenariu tipic de \u201enu-i casa mea\u201d, a nu se \u00een\u021belege c\u0103 critic sau ceva.<span class=\"footnote-back-link-wrapper\">[<a href=\"#identifier_1_771\" class=\"footnote-link footnote-back-link\">&#8617;<\/a>]<\/span><\/li><li id=\"footnote_2_771\" class=\"footnote\">Spoiler alert: n-a fost s\u0103 fie.<span class=\"footnote-back-link-wrapper\">[<a href=\"#identifier_2_771\" class=\"footnote-link footnote-back-link\">&#8617;<\/a>]<\/span><\/li><\/ol>----------","protected":false},"excerpt":{"rendered":"<p>Era o zi de var\u0103, iar eu eram invitat la o cafea, s\u00eemb\u0103t\u0103 diminea\u021b\u0103. M\u0103 prezint regulamentar. Ca imagine de fundal, o cas\u0103 de prin cartiere, u\u0219or ne\u00eentre\u021binut\u0103, u\u0219or scorojit\u0103 pe alocuri, cu o curte <a class=\"more-link\" href=\"https:\/\/daimon.me\/aleph\/2020\/dimineti-cu-fundal-sonor-alt-cadou\/\">&#8230; > > > > ><\/a><\/p>\n","protected":false},"author":2,"featured_media":0,"comment_status":"open","ping_status":"open","sticky":false,"template":"","format":"standard","meta":{"footnotes":""},"categories":[6],"tags":[],"class_list":["post-771","post","type-post","status-publish","format-standard","hentry","category-jurnal"],"_links":{"self":[{"href":"https:\/\/daimon.me\/aleph\/wp-json\/wp\/v2\/posts\/771","targetHints":{"allow":["GET"]}}],"collection":[{"href":"https:\/\/daimon.me\/aleph\/wp-json\/wp\/v2\/posts"}],"about":[{"href":"https:\/\/daimon.me\/aleph\/wp-json\/wp\/v2\/types\/post"}],"author":[{"embeddable":true,"href":"https:\/\/daimon.me\/aleph\/wp-json\/wp\/v2\/users\/2"}],"replies":[{"embeddable":true,"href":"https:\/\/daimon.me\/aleph\/wp-json\/wp\/v2\/comments?post=771"}],"version-history":[{"count":1,"href":"https:\/\/daimon.me\/aleph\/wp-json\/wp\/v2\/posts\/771\/revisions"}],"predecessor-version":[{"id":773,"href":"https:\/\/daimon.me\/aleph\/wp-json\/wp\/v2\/posts\/771\/revisions\/773"}],"wp:attachment":[{"href":"https:\/\/daimon.me\/aleph\/wp-json\/wp\/v2\/media?parent=771"}],"wp:term":[{"taxonomy":"category","embeddable":true,"href":"https:\/\/daimon.me\/aleph\/wp-json\/wp\/v2\/categories?post=771"},{"taxonomy":"post_tag","embeddable":true,"href":"https:\/\/daimon.me\/aleph\/wp-json\/wp\/v2\/tags?post=771"}],"curies":[{"name":"wp","href":"https:\/\/api.w.org\/{rel}","templated":true}]}}