{"id":112,"date":"2008-05-07T16:14:00","date_gmt":"2008-05-07T23:14:00","guid":{"rendered":"http:\/\/daimon.me\/blog\/?p=112"},"modified":"2010-10-04T05:59:30","modified_gmt":"2010-10-04T02:59:30","slug":"victorie-morala","status":"publish","type":"post","link":"https:\/\/daimon.me\/blog\/2008\/05\/victorie-morala\/","title":{"rendered":"Victorie moral\u0103"},"content":{"rendered":"<div class=\"entry\">\n<p>Scrie <a href=\"http:\/\/www.arhiblog.ro\/campioana-la-hotbal\/\">Arhi<\/a> cum c\u0103 CFR a c\u00e2\u015ftigat \u00eentr-un campionat de blaturi. Tot ce se poate. Nu sunt microbist \u015fi nu prea am urm\u0103rit meciuri, dar de vreo 10 ani cel pu\u0163in, dac\u0103 nu mai mul\u0163i, SDRu&#8217; monopolizeaz\u0103 campionatul. Bucure\u015ftenii. De parc\u0103 provincia are r\u00e2ie. Are dreptate <a href=\"http:\/\/puisorul-cufurit.blogspot.com\/2008\/05\/bravo-cfr.html\">Pui\u015forul Cufurit<\/a> s\u0103 se bucure, din punctul \u0103sta de vedere :)<\/p>\n<p>Deci <span style=\"font-weight: bold;\">provincia rateaz\u0103<\/span>. Nu musai pentru c\u0103 e mai proast\u0103, chiar dimpotriv\u0103. Nu musai pentru c\u0103 e \u0163inut\u0103 sau \u00een\u0103bu\u015fit\u0103, pentru c\u0103 nici asta nu se \u00eent\u00e2mpl\u0103 \u00eentotdeuna. Dar avem complexul inferiorit\u0103\u0163ii fa\u0163\u0103 de Capitale, fa\u0163\u0103 de chestii mai mari ca noi. Sau \u00eel aveam. Lumea capitalismului este una neiert\u0103toare, a\u015fa c\u0103 un ardelean de\u015ftept a pus m\u00e2na, a f\u0103cut echip\u0103 de str\u0103ini, a f\u0103cut \u015fi blaturi, dar \u00een final a reu\u015fit s\u0103 demonteze <span style=\"font-weight: bold;\">impresia<\/span> c\u0103 <span style=\"font-weight: bold;\">provincia n-are coaie<\/span>. Banii unui oier nu miros, nici banii clujenilor, dac\u0103 e cazul. B\u0103taie pe burt\u0103, dac\u0103 suntem lovi\u0163i sub centur\u0103.<\/p>\n<p>\u015ei ce am v\u0103zut p\u00e2n\u0103 la final? Am v\u0103zut c\u0103 Unirea Urziceni poate termina la egalitate pe locul IV, cu Rapid. C\u0103 dac\u0103 Poli Timi\u015foara nu avea juc\u0103tori cu aere de vedet\u0103, iar ni\u015fte meciuri n-ar fi fost date, am fi fost la b\u0103t\u0103lie \u00een primele locuri, poate III, cum era acum o duzin\u0103 de etape. Deci <span style=\"font-weight: bold;\">se poate<\/span>.<\/p>\n<p>Adic\u0103 un patron de club declar\u0103 c\u0103 urmeaz\u0103 s\u0103 apese butoane. Apoi echipa lui c\u00e2\u015ftig\u0103 meci dup\u0103 meci, f\u0103r\u0103 oprire. \u00cen seara decisiv\u0103, oamenii lui sunt aresta\u0163i cu sume enorme dup\u0103 ei, iar el declar\u0103 public c\u0103 erau pentru &#8220;stimulente&#8221;. \u015ei c\u0103 este nevinovat, doar c\u0103 Dumnezeu n-a \u0163inut cu el. S\u0103 fii tu al dracului!<\/p>\n<p>Deci, da. Provincia a c\u00e2\u015ftigat o important\u0103 <span style=\"font-weight: bold;\">victorie moral\u0103<\/span> asupra Bucure\u015ftiului. Vom vedea toat\u0103 turpitudinea de lichele a Capitalei, toat\u0103 xenofobia lor rev\u0103rsat\u0103 asupra ungurilor, toate arhivele cu meciurile bune ale Stelei, tot ce se poate pentru a demonstra c\u0103 este doar o <span style=\"font-weight: bold;\">\u00eent\u00e2mplare nefericit\u0103<\/span>. Dar nu este. Bucuria noastr\u0103 se consum\u0103 pe t\u0103cute, arde. La mai multe!<\/p>\n<\/div>\n","protected":false},"excerpt":{"rendered":"<p>Scrie Arhi cum c\u0103 CFR a c\u00e2\u015ftigat \u00eentr-un campionat de blaturi. Tot ce se poate. Nu sunt microbist \u015fi nu prea am urm\u0103rit meciuri, dar de vreo 10 ani cel pu\u0163in, dac\u0103 nu mai mul\u0163i, SDRu&#8217; monopolizeaz\u0103 campionatul. Bucure\u015ftenii. De parc\u0103 provincia are r\u00e2ie. Are dreptate Pui\u015forul Cufurit s\u0103 se bucure, din punctul \u0103sta de &#8230;<\/p>\n","protected":false},"author":4,"featured_media":0,"comment_status":"open","ping_status":"open","sticky":false,"template":"","format":"standard","meta":{"footnotes":""},"categories":[1],"tags":[],"class_list":{"0":"post-112","1":"post","2":"type-post","3":"status-publish","4":"format-standard","6":"category-fara","7":"anons"},"_links":{"self":[{"href":"https:\/\/daimon.me\/blog\/wp-json\/wp\/v2\/posts\/112","targetHints":{"allow":["GET"]}}],"collection":[{"href":"https:\/\/daimon.me\/blog\/wp-json\/wp\/v2\/posts"}],"about":[{"href":"https:\/\/daimon.me\/blog\/wp-json\/wp\/v2\/types\/post"}],"author":[{"embeddable":true,"href":"https:\/\/daimon.me\/blog\/wp-json\/wp\/v2\/users\/4"}],"replies":[{"embeddable":true,"href":"https:\/\/daimon.me\/blog\/wp-json\/wp\/v2\/comments?post=112"}],"version-history":[{"count":1,"href":"https:\/\/daimon.me\/blog\/wp-json\/wp\/v2\/posts\/112\/revisions"}],"predecessor-version":[{"id":1446,"href":"https:\/\/daimon.me\/blog\/wp-json\/wp\/v2\/posts\/112\/revisions\/1446"}],"wp:attachment":[{"href":"https:\/\/daimon.me\/blog\/wp-json\/wp\/v2\/media?parent=112"}],"wp:term":[{"taxonomy":"category","embeddable":true,"href":"https:\/\/daimon.me\/blog\/wp-json\/wp\/v2\/categories?post=112"},{"taxonomy":"post_tag","embeddable":true,"href":"https:\/\/daimon.me\/blog\/wp-json\/wp\/v2\/tags?post=112"}],"curies":[{"name":"wp","href":"https:\/\/api.w.org\/{rel}","templated":true}]}}