{"id":2125,"date":"2011-07-14T00:51:39","date_gmt":"2011-07-13T21:51:39","guid":{"rendered":"http:\/\/daimon.me\/blog\/?p=2125"},"modified":"2011-07-14T00:51:39","modified_gmt":"2011-07-13T21:51:39","slug":"caravana-tiff","status":"publish","type":"post","link":"https:\/\/daimon.me\/blog\/2011\/07\/caravana-tiff\/","title":{"rendered":"Caravana TIFF"},"content":{"rendered":"<div class=\"entry\">\n<p>Articolul de fa\u0163\u0103 este scris la rug\u0103mintea Ioanei Ciuban \u015fi am acceptat strict pentru c\u0103 informa\u0163iile necesare nu-mi par a fi fost reflectate bine de c\u0103tre pres\u0103.<\/p>\n<p>Tot ce conteaz\u0103 este s\u0103 \u015fti\u0163i c\u0103 la Timi\u015foara vor fi proiectate 3 filme \u00een acest final de s\u0103pt\u0103m\u00e2n\u0103, \u015fi anume:<\/p>\n<ul>\n<li>Drumul de \u00eentoarcere (vineri 15\/7, 21:30) [SUA]<\/li>\n<li>Morgen (s\u00e2mb\u0103t\u0103 16\/7, 21:30) [RO]<\/li>\n<li>Biutiful (duminic\u0103 17\/7, 21:30) [SP]<\/li>\n<\/ul>\n<p>Toate proiec\u0163iile au loc \u00een Pia\u0163a Unirii, desigur. Toate filmele au primit diverse premii, \u00eens\u0103 nu cred c\u0103 v\u0103 intereseaz\u0103 de ele. Toate-s din 2010. Lista complet\u0103 a actorilor, premiilor \u015fi firului epic o pute\u0163i g\u0103si efectu\u00e2nd o simpl\u0103 c\u0103utare pe Google dup\u0103 <a href=\"http:\/\/www.google.ro\/search?q=&quot;caravana+tiff&quot;+timisoara\" target=\"_blank\">denumirea festivalului<\/a>.<\/p>\n<p>Eu unul nu voi ajunge vineri, \u00een schimb s\u00e2mb\u0103t\u0103 \u015fi duminic\u0103 <em>poate<\/em>. Mi-ar place ca dup\u0103 terminarea filmelor s\u0103 pot citi \u015fi c\u00e2teva recenzii online pe bloguri ;)<\/p>\n<p>\u00cen orice caz, festivalul este la edi\u0163ia a treia \u015fi nu d\u0103 semne c-ar dori s\u0103 moar\u0103. Poate-l \u00eencuraj\u0103m pu\u0163in prin prezen\u0163\u0103 \u015fi discu\u0163ii?<\/p>\n<\/div>\n","protected":false},"excerpt":{"rendered":"<p>Articolul de fa\u0163\u0103 este scris la rug\u0103mintea Ioanei Ciuban \u015fi am acceptat strict pentru c\u0103 informa\u0163iile necesare nu-mi par a fi fost reflectate bine de c\u0103tre pres\u0103. Tot ce conteaz\u0103 este s\u0103 \u015fti\u0163i c\u0103 la Timi\u015foara vor fi proiectate 3 filme \u00een acest final de s\u0103pt\u0103m\u00e2n\u0103, \u015fi anume: Drumul de \u00eentoarcere (vineri 15\/7, 21:30) [SUA] &#8230;<\/p>\n","protected":false},"author":4,"featured_media":0,"comment_status":"open","ping_status":"open","sticky":false,"template":"","format":"standard","meta":{"footnotes":""},"categories":[1],"tags":[],"class_list":{"0":"post-2125","1":"post","2":"type-post","3":"status-publish","4":"format-standard","6":"category-fara","7":"anons"},"_links":{"self":[{"href":"https:\/\/daimon.me\/blog\/wp-json\/wp\/v2\/posts\/2125","targetHints":{"allow":["GET"]}}],"collection":[{"href":"https:\/\/daimon.me\/blog\/wp-json\/wp\/v2\/posts"}],"about":[{"href":"https:\/\/daimon.me\/blog\/wp-json\/wp\/v2\/types\/post"}],"author":[{"embeddable":true,"href":"https:\/\/daimon.me\/blog\/wp-json\/wp\/v2\/users\/4"}],"replies":[{"embeddable":true,"href":"https:\/\/daimon.me\/blog\/wp-json\/wp\/v2\/comments?post=2125"}],"version-history":[{"count":1,"href":"https:\/\/daimon.me\/blog\/wp-json\/wp\/v2\/posts\/2125\/revisions"}],"predecessor-version":[{"id":2126,"href":"https:\/\/daimon.me\/blog\/wp-json\/wp\/v2\/posts\/2125\/revisions\/2126"}],"wp:attachment":[{"href":"https:\/\/daimon.me\/blog\/wp-json\/wp\/v2\/media?parent=2125"}],"wp:term":[{"taxonomy":"category","embeddable":true,"href":"https:\/\/daimon.me\/blog\/wp-json\/wp\/v2\/categories?post=2125"},{"taxonomy":"post_tag","embeddable":true,"href":"https:\/\/daimon.me\/blog\/wp-json\/wp\/v2\/tags?post=2125"}],"curies":[{"name":"wp","href":"https:\/\/api.w.org\/{rel}","templated":true}]}}