{"id":332,"date":"2009-01-23T22:20:00","date_gmt":"2009-01-24T05:20:00","guid":{"rendered":"http:\/\/daimon.me\/blog\/?p=332"},"modified":"2010-07-14T00:12:26","modified_gmt":"2010-07-13T21:12:26","slug":"zoon-politikon","status":"publish","type":"post","link":"https:\/\/daimon.me\/blog\/2009\/01\/zoon-politikon\/","title":{"rendered":"Zoon politikon"},"content":{"rendered":"<div class=\"entry\">\n<p><i>[ still not sleepy .. \u015fi e 4 diminea\u0163a .. fuck it ] <\/i><\/p>\n<p>Bun. Ce vreau eu este s\u0103 pove&#8217; oleac\u0103 despre zoon politikon \u0103la. Aristotel a fost nenea care a zis c\u0103 suntem fiin\u0163e sociale \u015fi c\u0103 cel mai bine ne st\u0103 \u00een organizarea statal\u0103, pe clase bine definite. Lui \u00eei era u\u015for s\u0103 vorbeasc\u0103: pe vremea Greciei antice, obiectele cunoa\u015fterii erau limitate \u015fi via\u0163a era relativ simpl\u0103. Da&#8217; noi mai suntem oameni d&#8217;\u0103ia? Societ\u0103\u0163ile occidentale se str\u0103duiesc s\u0103 demonstreze c\u0103 da. Noi rom\u00e2nii (c\u00e2t ur\u0103sc exprimarea asta!) reu\u015fim s\u0103 demonstr\u0103m constant c\u0103 ne st\u0103tea mai bine pe vremea c\u00e2nd eram ciobani, \u015fi c\u0103 Ceau\u015fescu a luat o decizie tare proast\u0103 aduc\u00e2nd oamenii la ora\u015f. Au trecut 30 de ani \u015fi nu i-a civilizat pe to\u0163i, ba mai r\u0103u. Dar divaghez.<\/p>\n<p>Ce vreau eu s\u0103 spun, o spun statisticile mai bine. \u00cen \u0163\u0103rile evoluate (take Belgium, for instance; or Switzerland) popula\u0163ia este implicat\u0103 \u00een politic\u0103, sub o form\u0103 sau alta. Re\u0163in chiar procente de 19% din popula\u0163ie. Asta nu \u00eenseamn\u0103 c\u0103 stau ei cu nasul \u00een tabloide \u015fi cu ochii dup\u0103 poze cu pre\u015fedintele lor topless. Nu. \u00censeamn\u0103 doar o tr\u0103ire social\u0103, la nivel local, a tuturor evenimentelor. \u00censeamn\u0103 un proces de decizie care merge ca uns &#8211; pentru c\u0103 oamenii \u015ftiu care le sunt problemele. Noi nici m\u0103car nu ni le \u015ftim. Semn\u0103m peti\u0163ii ca pro\u015ftii, pentru salvarea Ro\u015fiei Montane, a Deltei, \u015fi contra ascult\u0103rii telefoanelor. Dar at\u00e2t. La at\u00e2t se rezum\u0103 implicarea noastr\u0103.<\/p>\n<p>F\u0103r\u0103 implicarea popula\u0163iei \u00een politic\u0103, se creeaz\u0103 un hiatus \u00eentre societate \u015fi conduc\u0103tori. Primii tr\u0103iesc rup\u0163i de clasa conduc\u0103toare, f\u0103r\u0103 putere real\u0103 de control (c\u00e2\u0163i \u015ftim m\u0103car cum arat\u0103 Senatul, care e rolul Parlamentului \u015fi ce face Executivul?) &#8211; iar conduc\u0103torii \u00ee\u015fi permit manevre largi pe sub nasul publicului. E un cerc vicios, care se afund\u0103 pe zi ce trece &#8211; politica e privit\u0103 ca o curv\u0103, nimeni nu intr\u0103 \u00een politic\u0103 pentru c\u0103 arat\u0103 na\u015fpa, iar cercul restr\u00e2ns de politicieni \u00ee\u015fi permite s\u0103 fac\u0103 manevre, f\u0103c\u00e2nd imaginea Politikonului tot mai neatractiv\u0103.<\/p>\n<p>Solu\u0163ia mea? Predarea politicii ca \u015ftiin\u0163\u0103, la orele de educa\u0163ie civic\u0103. Atragerea copiilor c\u0103tre no\u0163iunea de &#8220;politic\u0103 spre binele comunit\u0103\u0163ii&#8221;. \u00censcrierea noastr\u0103, a celor educa\u0163i c\u00e2t de c\u00e2t, \u00eentr-un partid. \u015ei apoi munca .. munca de a g\u00e2ndi spre binele comunit\u0103\u0163ii. Momentan doar 1% dintre rom\u00e2ni sunt implica\u0163i \u00een fenomen. Chiar sub acest procent. E timpul schimb\u0103rii. Consiliile consultative de cartier sunt o idee bun\u0103 &#8211; dar ele ar trebui s\u0103 fie \u015fi trambuline pentru viitori lideri, nu doar adun\u0103ri ale pletelor dalbe.<\/p>\n<p>Roxi ne \u00eentreab\u0103 ce vrem s\u0103 citim \u00eentr-un ziar local. Eu personal vreau doar pres\u0103 de calitate. Acea pres\u0103 care informeaz\u0103 \u015fi educ\u0103 cititorul, \u015fi care folosit\u0103 \u00een mod constant poate duce la o cre\u015ftere de awareness legat\u0103 de comunitate. Presa corect\u0103, corelat\u0103 cu un \u00eenv\u0103\u0163\u0103m\u00e2nt c\u00e2t de c\u00e2t calitativ, pot duce departe. Dar mai e mult p\u00e2n\u0103 departe!<\/p>\n<p>Slightly offtopic: printre promisiunile de Anul Nou, mai mult \u00een glum\u0103, spuneam c\u0103 m-a\u015f \u00eenscrie \u00eentr-un partid. Ce vreau eu, s\u0103 fie destul de mic \u00eenc\u00e2t s\u0103 conteze deciziile membrilor.. \u015fi membrii s\u0103 fie nep\u0103ta\u0163i. Exclud din start numele mari.<\/p>\n<p><i>[ bine\u00een\u0163eles, \u00eemi asum abera\u0163iile, \u00een caz c\u0103 ele exist\u0103 ]<\/i><\/p>\n<\/div>\n","protected":false},"excerpt":{"rendered":"<p>[ still not sleepy .. \u015fi e 4 diminea\u0163a .. fuck it ] Bun. Ce vreau eu este s\u0103 pove&#8217; oleac\u0103 despre zoon politikon \u0103la. Aristotel a fost nenea care a zis c\u0103 suntem fiin\u0163e sociale \u015fi c\u0103 cel mai bine ne st\u0103 \u00een organizarea statal\u0103, pe clase bine definite. Lui \u00eei era u\u015for s\u0103 &#8230;<\/p>\n","protected":false},"author":4,"featured_media":0,"comment_status":"open","ping_status":"open","sticky":false,"template":"","format":"standard","meta":{"footnotes":""},"categories":[1],"tags":[],"class_list":{"0":"post-332","1":"post","2":"type-post","3":"status-publish","4":"format-standard","6":"category-fara","7":"anons"},"_links":{"self":[{"href":"https:\/\/daimon.me\/blog\/wp-json\/wp\/v2\/posts\/332","targetHints":{"allow":["GET"]}}],"collection":[{"href":"https:\/\/daimon.me\/blog\/wp-json\/wp\/v2\/posts"}],"about":[{"href":"https:\/\/daimon.me\/blog\/wp-json\/wp\/v2\/types\/post"}],"author":[{"embeddable":true,"href":"https:\/\/daimon.me\/blog\/wp-json\/wp\/v2\/users\/4"}],"replies":[{"embeddable":true,"href":"https:\/\/daimon.me\/blog\/wp-json\/wp\/v2\/comments?post=332"}],"version-history":[{"count":1,"href":"https:\/\/daimon.me\/blog\/wp-json\/wp\/v2\/posts\/332\/revisions"}],"predecessor-version":[{"id":1212,"href":"https:\/\/daimon.me\/blog\/wp-json\/wp\/v2\/posts\/332\/revisions\/1212"}],"wp:attachment":[{"href":"https:\/\/daimon.me\/blog\/wp-json\/wp\/v2\/media?parent=332"}],"wp:term":[{"taxonomy":"category","embeddable":true,"href":"https:\/\/daimon.me\/blog\/wp-json\/wp\/v2\/categories?post=332"},{"taxonomy":"post_tag","embeddable":true,"href":"https:\/\/daimon.me\/blog\/wp-json\/wp\/v2\/tags?post=332"}],"curies":[{"name":"wp","href":"https:\/\/api.w.org\/{rel}","templated":true}]}}