{"id":4075,"date":"2015-03-04T22:35:40","date_gmt":"2015-03-04T20:35:40","guid":{"rendered":"http:\/\/daimon.me\/blog\/?p=4075"},"modified":"2015-03-04T10:17:14","modified_gmt":"2015-03-04T08:17:14","slug":"lia-lucia-epure-tot-o-jurnalista-slaba","status":"publish","type":"post","link":"https:\/\/daimon.me\/blog\/2015\/03\/lia-lucia-epure-tot-o-jurnalista-slaba\/","title":{"rendered":"Lia Lucia Epure, tot o jurnalist\u0103 slab\u0103"},"content":{"rendered":"<div class=\"entry\">\n<p style=\"text-align: justify;\">Persoana numit\u0103 \u00een titlu este un fel de editorialist\u0103 la Ziua de Vest. \u00cen timpul liber se mai dore\u015fte a fi \u015fi persoan\u0103 cultivat\u0103, om de lume \u015fi alte cele. Pe mine partea cu editorialistica m\u0103 intereseaz\u0103, \u015fi anume dintr-un motiv simplu:<\/p>\n<p style=\"text-align: justify;\">Doamna Epure nu \u015ftie, pur \u015fi simplu, s\u0103 scrie civilizat \u015fi \u00eengrijit. De c\u00e2nd o \u015ftiu de contributoare la ziarul ZdV, textele dumneaei au ceva din aerul unei scriituri de mahala. Multe din articolele care le &#8220;comite&#8221; ar fi, \u00een umila mea p\u0103rere, mai potrivite unui blog dec\u00e2t vreunui ziar.<\/p>\n<p style=\"text-align: justify;\">S\u0103 lu\u0103m spre exemplu ultimul articol scris de L.L.E. ((N-am chef s-o fac &#8220;doamn\u0103&#8221; la fiecare men\u0163iune. Pentru c\u0103 nu merit\u0103 at\u00e2ta domnie.)) : &#8221;\u00a0<a href=\"http:\/\/ziuadevest.ro\/actualitate\/52003-taximetria-in-timisoara-o-rusine-europeana\" target=\"_blank\">Taximetria \u00een Timi\u0219oara, o ru\u0219ine \u201deuropean\u0103\u201d<\/a> &#8220;. ((O prim\u0103 eroare formal\u0103 este chiar paginarea, patru sute \u015fi vreo cincizeci \u015fi \u015fase de cuvinte (456) \u00eenghesuite \u00een doar dou\u0103 paragrafe. De\u015fi online nu-s restric\u0163ii de spa\u0163iu, de alinierea coloanelor sau considerente de importan\u0163\u0103 a \u015ftirilor una fa\u0163\u0103 de alta. Pur \u015fi simplu onlain ai un spa\u0163iu gol pe care \u00eel po\u0163i umple cum g\u0103se\u015fti de cuviin\u0163\u0103. L.L.E. ne arunc\u0103 cu furca dou\u0103 paragrafe f\u0103r\u0103 introducere sau \u00eencheiere. Dar s\u0103 nu ne leg\u0103m de form\u0103, ci de fond.))<\/p>\n<p style=\"text-align: center;\">~*~<\/p>\n<p>Lucrurile \u00eencep \u00een for\u0163\u0103!<\/p>\n<blockquote><p>Mersul cu taxi a devenit, \u00een Timi\u0219oara, o povar\u0103.<\/p><\/blockquote>\n<p style=\"text-align: justify;\">Hodoronc-tronc, s\u0103rim \u00een <em>intrig\u0103<\/em>. F\u0103r\u0103 expozi\u0163iune, f\u0103r\u0103 vreo introducere \u00een subiect, ni se d\u0103 cu problema \u00een cap.<\/p>\n<p style=\"text-align: justify;\">Totu\u015fi, de c\u00e2nd anume a devenit mersul cu taxiul o povar\u0103? De s\u0103pt\u0103m\u00e2na trecut\u0103? De acum 3 luni? De un an \u00eencoace? L.L.E. nu ne spune. Ea doar prezint\u0103 situa\u0163ia, \u015fi am face bine s-o credem pe cuv\u00e2nt. Orice blogher ar fi \u015ftiut c\u0103 o marc\u0103 a scrisului \u00eengrijit este s\u0103-\u0163i etichetezi corect observa\u0163iile, s\u0103 le dai ni\u015fte coordonate \u015fi ni\u015fte valori&#8230;<\/p>\n<p style=\"text-align: justify;\">Mai departe:<\/p>\n<blockquote>\n<p style=\"text-align: justify;\">De la agresivitatea \u0219oferilor de taxi, duritatea expresiei fe\u021bei, arogan\u021ba lor, p\u00e2n\u0103 la sunetele pe care s\u0103rmanul client este nevoit s\u0103 le suporte! A\u0219adar, urca\u021bi \u00een taxi? Un miros \u00eengrozitor va inunda n\u0103rile c\u0103l\u0103torului, de la mirosul \u021big\u0103rii abia stinse, (eventual, \u021bigara tocmai a fost aruncat\u0103 pe geam), p\u00e2n\u0103 la mirosul de vechi, de \u00eemb\u00e2csit, de scaune nesp\u0103late, \u0219i p\u00e2n\u0103 la cel de\u2026 fiin\u021b\u0103 uman\u0103, mai pu\u021bin igienic\u0103. Apoi, \u00eencep manelele! Muzica preferat\u0103 a majorit\u0103\u021bii taximetri\u0219tilor este\u2026 maneaua. Nimeni nu te \u00eentreab\u0103: \u201dVre\u021bi s\u0103 asculta\u021bi asta?\u201d Nimeni nu-\u021bi respect\u0103 starea personal\u0103, de\u0219i TU e\u0219ti cel care pl\u0103te\u0219te!<\/p>\n<\/blockquote>\n<p style=\"text-align: justify;\">Elucubra\u0163ii \u015fi exager\u0103ri.<\/p>\n<p style=\"text-align: justify;\">Eu unul sunt utilizator ocazional de taxi. Chem unul dac\u0103 m\u0103 gr\u0103besc la munc\u0103 sau dac\u0103 plec obosit de acolo, chem taxi dac\u0103 vreau s\u0103 ajung undeva la or\u0103 fix\u0103, chem taxi dac\u0103 am un grup de transportat.<\/p>\n<p style=\"text-align: justify;\">Ei bine, L.L.E. pur \u015fi simplu fabuleaz\u0103 c\u00e2nd pretinde c\u0103 fenomenele pe care le descrie sunt \u00eent\u00e2lnite cu ori\u015fice regularitate. Minte de \u00eenghea\u0163\u0103 apele. Scrie ca pentru tabloid, nu ca pentru un ziar serios. Ar face de ru\u015fine blogurile, dac\u0103 ar fi scris pe un blog. F\u0103r\u0103 numele firmelor, f\u0103r\u0103 numere de ma\u015fini sau nume de \u015foferi? Haida-de. Pot \u015fi eu inventa &#8220;situa\u0163ii&#8221; de dezb\u0103tut astfel.<\/p>\n<p style=\"text-align: justify;\">Eu unul merg \u00een general cu ma\u015fini Tudo, dup\u0103 p\u0103rerea mea printre cei mai buni din Timi\u015foara. Uneori iau ma\u015fini Fan, dac\u0103 Tudo nu \u00eemi g\u0103sesc \u015fofer ((Fiindc\u0103 toat\u0103 lumea \u00eei sun\u0103 pe Tudo prima dat\u0103. Pentru c\u0103 sunt buni. Am mai zis?)). Dac\u0103 m\u0103 aflu \u00een fa\u0163\u0103 la Hotel Continental sau \u00een alt\u0103 sta\u0163ie de taxi, iau ce se nimere\u015fte (cu preferin\u0163ele ar\u0103tate mai \u00eenainte, bien s\u00fbr).\u00a0La Tudo am auzit strict posturi radio, ori Europa FM ori Radio Zu. Volumul decent de fiecare dat\u0103. Nimeni \u00een ultimele 6 luni nu mi-a fumat. \u015eoferii \u00eembr\u0103ca\u0163i decent, unii \u00eenfofoli\u0163i de iarn\u0103, dar ma\u015fina mereu c\u0103ldu\u0163\u0103 \u015fi f\u0103r\u0103 mirosuri. N-am auzit dou\u0103 manele \u00een total, \u00een taxiuri. Orice am cerut vizavi de starea ma\u015finii, mi s-a \u00eendeplinit.<\/p>\n<p style=\"text-align: justify;\">Singurele experien\u0163e vag nepl\u0103cute le-am avut cu firmele micu\u0163e \u015fi necunoscute. O \u00eent\u00e2mplare nefericit\u0103 la Autogenn ((Cic\u0103 sunt mai ieftini la tariful per km. I-am folosit o dat\u0103, \u015foferul ne-a dus pe drumuri mai lungi dec\u00e2t era cazul \u015fi a ie\u015fit traseul pu\u0163in mai scump ca de obicei &#8211; iar la final nici &#8220;n-a avut&#8221; de dat rest. Am pus pe lista neagr\u0103 instant \u00eentreaga firm\u0103.)), una la Taxi Radio (parc\u0103) ((Chiar nu sunt sigur c\u0103 era Radio. Ce \u015ftiu e c\u0103 am nimerit o \u015foferi\u0163\u0103 dornic\u0103 de adrenalin\u0103 \u015fi a c\u0103rei ma\u015fin\u0103 p\u0103rea cam \u015fubred\u0103. Nimic dramatic, altfel Radio sunt destul de ok ca seriozitate.)), una la Taxi Timi\u015foara ((\u015eoferul a reu\u015fit \u00een 5 minute de la Hotel Continental la Parcul Poporului s\u0103 \u00eencalce regulile de prioritate\u00a0 suficient c\u00e2t s\u0103-l trag\u0103 Poli\u0163ia Rutier\u0103 pe dreapta. De altfel ma\u015fina \u015fi personajul erau cam ne\u00eengrijite, mirosind a st\u0103tut. N-am avut dec\u00e2t un singur incident de acest fel \u00een <em>c\u00e2\u0163iva ani buni<\/em> de c\u00e2nd folosesc serviciul de taxi.)). Ce-i drept, aud zvonuri\u00a0c\u0103 Taxi Timi\u015foara angajeaz\u0103 rebuturile de la alte firme, dar cred c\u0103 au vreo .. 12 ma\u015fini \u00een total.<\/p>\n<p style=\"text-align: justify;\">Refuz s\u0103 cred c\u0103 am eu vreun noroc extraordinar la \u015foferi \u015fi ma\u015fini. M\u0103 \u00eentreb dac\u0103 nu cumva L.L.E. are probleme cu taxiul fiindc\u0103 alege mereu firmele cele mai ieftine, de\u015fi e clar c\u0103 este mai probabil s\u0103 aib\u0103 caren\u0163e. O observa\u0163ie economic\u0103: firmele bune atrag personalul bun, firmele proaste r\u0103m\u00e2n s\u0103 culeag\u0103 resturile, asta se \u00eent\u00e2mpl\u0103 peste tot \u015fi \u00een toate domeniile. O asemenea observa\u0163ie nu este o \u015ftire. M\u00e2ine-poim\u00e2ine afl\u0103m de la L.L.E. c\u0103 \u015fi comer\u0163ul din Timi\u015foara este \u00een vreo stare jalnic\u0103, fiindc\u0103 \u00eenc\u0103 mai exist\u0103 comercian\u0163i turci\/chinezi pe Br\u00e2ncoveanu.<\/p>\n<p style=\"text-align: center;\">~*~<\/p>\n<p style=\"text-align: justify;\">Cirea\u015fa de pe tort:<\/p>\n<blockquote>\n<p style=\"text-align: justify;\">(&#8230;) Aha, crede\u021bi c\u0103 nu \u0219tim despre faptul c\u0103 unele ma\u0219ini sunt ale unor angaja\u021bi din Prim\u0103ria Timi\u0219oara, f\u0103r\u0103 ca primarul Robu s\u0103 \u0219tie? Sta\u021bi lini\u0219ti\u021bi, \u0219tim \u0219i asta! Oprirea \u00een mijlocul drumului pentru \u00eencasarea clientului face parte tot din designul comportamentului agresiv al taximetri\u0219tilor. \u0218ti\u021bi de ce? Pentru c\u0103-i ap\u0103r\u0103\u2026 \u0219eful! Doar c\u0103 de acum, vom anun\u021ba \u0219i Poli\u021bia Rutier\u0103, \u0219i vom trage concluziile \u00eempreun\u0103!<\/p>\n<\/blockquote>\n<p style=\"text-align: justify;\">&#8220;<em>Unor angaja\u0163i<\/em>&#8220;, &#8220;<em>unii fac rele<\/em>&#8220;, &#8220;<em>\u00eei \u015ftim noi pe acei unii<\/em>&#8220;, atitudini \u015fi exprim\u0103ri de \u015fcoal\u0103 general\u0103. Pot jura c\u0103 citesc blogul unei precupe\u0163e cu veleit\u0103\u0163i de detectiv, iar nu un ziar cu preten\u0163ii de informare sau de seriozitate a opiniilor. \u00cemi pare sincer r\u0103u c\u0103 Ziua de Vest ajunge s\u0103 publice asemenea glume de articole, \u00eei citeam cu pl\u0103cere c\u00e2ndva.<\/p>\n<p style=\"text-align: center;\">~*~<\/p>\n<p style=\"text-align: justify;\">Epure, e p\u0103cat s\u0103 strici institu\u0163ia presei cu a\u015fa monumente de anti-talent jurnalistic precum cel citat &#8230;<\/p>\n<\/div>\n","protected":false},"excerpt":{"rendered":"<p>Persoana numit\u0103 \u00een titlu este un fel de editorialist\u0103 la Ziua de Vest. \u00cen timpul liber se mai dore\u015fte a fi \u015fi persoan\u0103 cultivat\u0103, om de lume \u015fi alte cele. Pe mine partea cu editorialistica m\u0103 intereseaz\u0103, \u015fi anume dintr-un motiv simplu: Doamna Epure nu \u015ftie, pur \u015fi simplu, s\u0103 scrie civilizat \u015fi \u00eengrijit. De &#8230;<\/p>\n","protected":false},"author":4,"featured_media":0,"comment_status":"open","ping_status":"open","sticky":false,"template":"","format":"standard","meta":{"footnotes":""},"categories":[41],"tags":[],"class_list":{"0":"post-4075","1":"post","2":"type-post","3":"status-publish","4":"format-standard","6":"category-societate-si-dezbateri","7":"anons"},"_links":{"self":[{"href":"https:\/\/daimon.me\/blog\/wp-json\/wp\/v2\/posts\/4075","targetHints":{"allow":["GET"]}}],"collection":[{"href":"https:\/\/daimon.me\/blog\/wp-json\/wp\/v2\/posts"}],"about":[{"href":"https:\/\/daimon.me\/blog\/wp-json\/wp\/v2\/types\/post"}],"author":[{"embeddable":true,"href":"https:\/\/daimon.me\/blog\/wp-json\/wp\/v2\/users\/4"}],"replies":[{"embeddable":true,"href":"https:\/\/daimon.me\/blog\/wp-json\/wp\/v2\/comments?post=4075"}],"version-history":[{"count":1,"href":"https:\/\/daimon.me\/blog\/wp-json\/wp\/v2\/posts\/4075\/revisions"}],"predecessor-version":[{"id":4095,"href":"https:\/\/daimon.me\/blog\/wp-json\/wp\/v2\/posts\/4075\/revisions\/4095"}],"wp:attachment":[{"href":"https:\/\/daimon.me\/blog\/wp-json\/wp\/v2\/media?parent=4075"}],"wp:term":[{"taxonomy":"category","embeddable":true,"href":"https:\/\/daimon.me\/blog\/wp-json\/wp\/v2\/categories?post=4075"},{"taxonomy":"post_tag","embeddable":true,"href":"https:\/\/daimon.me\/blog\/wp-json\/wp\/v2\/tags?post=4075"}],"curies":[{"name":"wp","href":"https:\/\/api.w.org\/{rel}","templated":true}]}}