{"id":412,"date":"2009-03-23T07:30:00","date_gmt":"2009-03-23T14:30:00","guid":{"rendered":"http:\/\/daimon.me\/blog\/?p=412"},"modified":"2009-03-23T07:30:00","modified_gmt":"2009-03-23T14:30:00","slug":"avancronica-strutocamila-unei-amieze-de-sambata","status":"publish","type":"post","link":"https:\/\/daimon.me\/blog\/2009\/03\/avancronica-strutocamila-unei-amieze-de-sambata\/","title":{"rendered":"Avancronic\u0103 : Stru\u0163oc\u0103mila unei amieze de s\u00e2mb\u0103t\u0103."},"content":{"rendered":"<div class=\"entry\">\n<div style=\"text-align: justify;\">S\u00e2mb\u0103t\u0103, 4 Aprilie, ora 15. O zi \u00een care Politehnica Timi\u015foara \u00eent\u00e2lne\u015fte Gloria Buz\u0103u, \u00eentr-un meci cont\u00e2nd pentru etapa a XXIIa a Ligii 1.<\/p>\n<\/div>\n<div style=\"text-align: justify;\"><\/div>\n<div style=\"text-align: justify;\"><a href=\"http:\/\/4.bp.blogspot.com\/_pElYpaAIQ3I\/ScecwaV1FMI\/AAAAAAAAAX0\/kGp38BvqwZU\/s1600-h\/poli_timisoara_ae2dcdd.jpg\" imageanchor=\"1\" style=\"clear: left; float: left; margin-bottom: 1em; margin-right: 1em;\"><img decoding=\"async\" src=\"http:\/\/4.bp.blogspot.com\/_pElYpaAIQ3I\/ScecwaV1FMI\/AAAAAAAAAX0\/kGp38BvqwZU\/s200\/poli_timisoara_ae2dcdd.jpg\" style=\"cursor: move;\" border=\"0\" \/><\/a>Poli nu a \u00eenceput deloc bine acest retur de campionat. Un meci neconving\u0103tor \u00een Arge\u015f, o victorie chinuit\u0103 la T\u00e2rgu-Jiu, o remiz\u0103 alb\u0103 cu echipa sibian\u0103 Gaz Metan Media\u015f, plus un egal n\u0103scut cu forcepsul \u00een urma meciului cu CS Otopeni &#8211; toate aceste rezultate nu sunt de natur\u0103 s\u0103-i \u00eencurajeze nici m\u0103car pe optimi\u015fii <i>hardcore<\/i> \u015fi pe suporterii de-o via\u0163\u0103. Echipa joac\u0103 slab, altern\u00e2nd stilul de joc heirupist cu o \u00eencercare de construc\u0163ie \u00een slow-motion.<\/div>\n<div style=\"text-align: justify;\"><\/div>\n<div style=\"text-align: justify;\">Problema buzoian\u0103, dac\u0103 \u00eei putem spune astfel, o reprezint\u0103 juc\u0103torii pleca\u0163i de la Poli pentru a juca la Gloria. Printre ace\u015ftia, c\u00e2\u0163iva de valoare, precum Mansour, Scutaru, Axente, plus c\u00e2\u0163iva juc\u0103tori de la echipa din Buftea.<\/p>\n<\/div>\n<div style=\"text-align: justify;\"><\/div>\n<div style=\"text-align: justify;\">Acum un an, pare-mi-se, r\u00e2deam de juc\u0103torul buzoian care d\u0103dea gol Stelei din gre\u015feal\u0103, r\u00e2deam de declara\u0163iile unui Becali legate de echipe care mu\u015fc\u0103 m\u00e2na care le hr\u0103ne\u015fte, lucruri d-astea.<\/p>\n<\/div>\n<div style=\"text-align: justify;\"><\/div>\n<div class=\"separator\" style=\"clear: both; text-align: center;\"><a href=\"http:\/\/1.bp.blogspot.com\/_pElYpaAIQ3I\/Scec3pPlsUI\/AAAAAAAAAX8\/GTIDH1Rhz5Q\/s1600-h\/300px-Gloria-Bistrita.png\" imageanchor=\"1\" style=\"clear: right; float: right; margin-bottom: 1em; margin-left: 1em;\"><img decoding=\"async\" src=\"http:\/\/1.bp.blogspot.com\/_pElYpaAIQ3I\/Scec3pPlsUI\/AAAAAAAAAX8\/GTIDH1Rhz5Q\/s200\/300px-Gloria-Bistrita.png\" style=\"cursor: move;\" border=\"0\" \/><\/a><\/div>\n<div style=\"text-align: justify;\">Acum e r\u00e2ndul nostru: vom face oare blat cu Gloria? Va cobor\u00ee cineva at\u00e2t de jos \u00eenc\u00e2t s\u0103 le cear\u0103 celor de la Gloria s\u0103 fac\u0103 non-combat pentru a ne ajuta s\u0103 trecem de sincop\u0103 \u015fi s\u0103 acumul\u0103m puncte? Sau, dimpotriv\u0103, juc\u0103torii pleca\u0163i de la echipa mare vor da totul din ei, pentru a demonstra c\u0103 \u00ee\u015fi merit\u0103 locul la Poli? A\u015f vrea s\u0103 cred c\u0103 ambele echipe vor da totul, cinstit, \u015fi c\u0103 \u00een final Poli c\u00e2\u015ftig\u0103. <i>Vreau s\u0103 cred<\/i>. E singura calitate pe care viole\u0163ii au p\u0103strat-o peste ani: nu au plecat fruncea, nu s-au dedat practicilor jenibile \u015fi dedesupturilor.<\/p>\n<\/div>\n<div style=\"text-align: justify;\"> <\/div>\n<div style=\"text-align: justify;\"> <\/div>\n<div style=\"text-align: justify;\"> <\/div>\n<div style=\"text-align: justify;\"> Momentan, am pierdut totul: culori, istorie, antrenor. Avem un diletant pe banc\u0103, \u015fi un schizofren care are banii. M\u0103car <i>cinstea<\/i> nu o poate lua nimeni, eventual renun\u0163i singur la ea. Vom renun\u0163a? Sper c\u0103 nu!<\/div>\n<\/div>\n","protected":false},"excerpt":{"rendered":"<p>S\u00e2mb\u0103t\u0103, 4 Aprilie, ora 15. O zi \u00een care Politehnica Timi\u015foara \u00eent\u00e2lne\u015fte Gloria Buz\u0103u, \u00eentr-un meci cont\u00e2nd pentru etapa a XXIIa a Ligii 1. Poli nu a \u00eenceput deloc bine acest retur de campionat. Un meci neconving\u0103tor \u00een Arge\u015f, o victorie chinuit\u0103 la T\u00e2rgu-Jiu, o remiz\u0103 alb\u0103 cu echipa sibian\u0103 Gaz Metan Media\u015f, plus un &#8230;<\/p>\n","protected":false},"author":4,"featured_media":0,"comment_status":"open","ping_status":"open","sticky":false,"template":"","format":"standard","meta":{"footnotes":""},"categories":[1],"tags":[],"class_list":{"0":"post-412","1":"post","2":"type-post","3":"status-publish","4":"format-standard","6":"category-fara","7":"anons"},"_links":{"self":[{"href":"https:\/\/daimon.me\/blog\/wp-json\/wp\/v2\/posts\/412","targetHints":{"allow":["GET"]}}],"collection":[{"href":"https:\/\/daimon.me\/blog\/wp-json\/wp\/v2\/posts"}],"about":[{"href":"https:\/\/daimon.me\/blog\/wp-json\/wp\/v2\/types\/post"}],"author":[{"embeddable":true,"href":"https:\/\/daimon.me\/blog\/wp-json\/wp\/v2\/users\/4"}],"replies":[{"embeddable":true,"href":"https:\/\/daimon.me\/blog\/wp-json\/wp\/v2\/comments?post=412"}],"version-history":[{"count":1,"href":"https:\/\/daimon.me\/blog\/wp-json\/wp\/v2\/posts\/412\/revisions"}],"predecessor-version":[{"id":499,"href":"https:\/\/daimon.me\/blog\/wp-json\/wp\/v2\/posts\/412\/revisions\/499"}],"wp:attachment":[{"href":"https:\/\/daimon.me\/blog\/wp-json\/wp\/v2\/media?parent=412"}],"wp:term":[{"taxonomy":"category","embeddable":true,"href":"https:\/\/daimon.me\/blog\/wp-json\/wp\/v2\/categories?post=412"},{"taxonomy":"post_tag","embeddable":true,"href":"https:\/\/daimon.me\/blog\/wp-json\/wp\/v2\/tags?post=412"}],"curies":[{"name":"wp","href":"https:\/\/api.w.org\/{rel}","templated":true}]}}