{"id":413,"date":"2009-03-25T05:02:00","date_gmt":"2009-03-25T12:02:00","guid":{"rendered":"http:\/\/daimon.me\/blog\/?p=413"},"modified":"2009-03-25T05:02:00","modified_gmt":"2009-03-25T12:02:00","slug":"subdimensionat","status":"publish","type":"post","link":"https:\/\/daimon.me\/blog\/2009\/03\/subdimensionat\/","title":{"rendered":"Subdimensionat."},"content":{"rendered":"<div class=\"entry\">\n<blockquote>\n<div style=\"text-align: justify;\"><span lang=\"IT\" style=\"font-size: 13pt;\">Por\u0163ile Teatrului Na\u0163ional se vor deschide pe 27 martie, \u00eencep\u00e2nd cu ora 12, mai ales copiilor, care se vor putea \u00eent\u00e2lni cu \u201cmagicianul\u201d de la Abracadabra, actorul Marian R\u00e2lea. La ora 17 va fi prezent \u015fi Florin Piersic, ce va \u201csta de pove\u015fti\u201d mai bine de o or\u0103 cu iubitorii de teatru. Publicul larg va avea ocazia s\u0103 fac\u0103 turul teatrului, av\u00e2nd acces \u015fi \u00een spatele cortinei.<\/span><\/div>\n<\/blockquote>\n<p><span lang=\"IT\" style=\"font-size: 13pt;\">&nbsp; <br \/><\/span><br \/><span lang=\"IT\" style=\"font-size: 13pt;\">Pentru restul detaliilor, cu \u00eencredere pe <a href=\"http:\/\/www.ziuadecj.ro\/action\/article?ID=23005\">Ziua de Cluj<\/a>.&nbsp;<\/span><\/p>\n<p><span lang=\"IT\" style=\"font-size: 13pt;\">\u00centre timp, la noi &#8230;<\/span><\/p>\n<blockquote>\n<div style=\"text-align: justify;\">Reluand o traditie inceputa in 2003, Teatrul Studentesc Thespis, in colaborare cu Casa de Cultura a Studentilor Timisoara, anunta cu mandrie organizarea Festivalului &#8220;24 h de Teatru&#8221;. Manifestarea celebreaza Ziua Internationala a Teatrului si se va desfasura incepand de Vineri, 27 Martie, orele 24.00 pana Sambata, 28 Martie 2009, orele 24:00. Urmand modelul de succes al editiilor precedente, avem si in acest an onoarea de a oferi numeroase spectacole, workshop-uri, proiectii, precum si concerte de buna calitate. Intrarea este libera si recomandata tuturor amatorilor de cultura contemporana. <\/p>\n<p><b>Manifestarile vor avea loc la Casa de Cultura a Studentilor din Timisoara, salile 202 si 203<\/b>.<\/div>\n<\/blockquote>\n<p>Programul, de altfel bogat \u015fi variat, poate fi g\u0103sit pe <a href=\"http:\/\/www.timisoreni.ro\/evenimente\/festivaluri\/Festivalul_24_h_de_Teatru_la_Teatrul_Thespis.html\">Timi\u015foreni.ro<\/a><\/p>\n<div style=\"text-align: justify;\">Ce m\u0103 deranjeaz\u0103: s\u0103lile 202 \u015fi 203 din CS sunt groaznic de mici, a\u015f spune subdimensionate pentru un astfel de eveniment. Acum 2 sau 3 ani (not sure), m-am \u00eenghesuit al\u0103turi de al\u0163ii, la aceea\u015fi festivitate: 24 de ore de teatru. Num\u0103rul locurilor este total insuficient fa\u0163\u0103 de c\u00e2\u0163i oameni vin. \u015ei ar veni \u015fi mai mul\u0163i dac\u0103 ar avea unde. Cred c\u0103 sunt 50de locuri per sale, \u00een total, nu bag m\u00e2na \u00een foc.<\/div>\n<div style=\"text-align: justify;\"><\/div>\n<div style=\"text-align: justify;\">Sugestia mea: organizatorii ar putea \u00eencerca m\u0103car s\u0103 fac\u0103 o \u00een\u0163elegere cu <a href=\"http:\/\/www.tntimisoara.com\/\">TNT<\/a>, s\u0103 joace piesele pe timp de zi \u00een centru. Automat ar atrage \u015fi mai mul\u0163i oameni, \u015fi s-ar adresa unui public mai larg. M\u0103 \u00eendoiesc c\u0103 doamnele dichisite ar veni s\u0103 stea pe jos la CS, \u00eens\u0103 la TNT, comfortabil, da. Sau, m\u0103car, dac\u0103 nu e posibil la TNT, atunci sala mare de la parter, a CS?<\/div>\n<div style=\"text-align: justify;\"><\/div>\n<div style=\"text-align: justify;\">Mai ales c\u0103 avem \u015fi vizitatori: din Cluj, Teatrul liber Imago; din Sibiu,&nbsp;Bogdan Saratean si Trimbulinzii, plus Asocia\u0163ia Cultural\u0103 &#8220;Bis&#8221;. Anyway, \u00een \u00eenghesuial\u0103 sau nu, I&#8217;ll be there.<\/div>\n<\/div>\n","protected":false},"excerpt":{"rendered":"<p>Por\u0163ile Teatrului Na\u0163ional se vor deschide pe 27 martie, \u00eencep\u00e2nd cu ora 12, mai ales copiilor, care se vor putea \u00eent\u00e2lni cu \u201cmagicianul\u201d de la Abracadabra, actorul Marian R\u00e2lea. La ora 17 va fi prezent \u015fi Florin Piersic, ce va \u201csta de pove\u015fti\u201d mai bine de o or\u0103 cu iubitorii de teatru. Publicul larg va &#8230;<\/p>\n","protected":false},"author":4,"featured_media":0,"comment_status":"open","ping_status":"open","sticky":false,"template":"","format":"standard","meta":{"footnotes":""},"categories":[1],"tags":[],"class_list":{"0":"post-413","1":"post","2":"type-post","3":"status-publish","4":"format-standard","6":"category-fara","7":"anons"},"_links":{"self":[{"href":"https:\/\/daimon.me\/blog\/wp-json\/wp\/v2\/posts\/413","targetHints":{"allow":["GET"]}}],"collection":[{"href":"https:\/\/daimon.me\/blog\/wp-json\/wp\/v2\/posts"}],"about":[{"href":"https:\/\/daimon.me\/blog\/wp-json\/wp\/v2\/types\/post"}],"author":[{"embeddable":true,"href":"https:\/\/daimon.me\/blog\/wp-json\/wp\/v2\/users\/4"}],"replies":[{"embeddable":true,"href":"https:\/\/daimon.me\/blog\/wp-json\/wp\/v2\/comments?post=413"}],"version-history":[{"count":0,"href":"https:\/\/daimon.me\/blog\/wp-json\/wp\/v2\/posts\/413\/revisions"}],"wp:attachment":[{"href":"https:\/\/daimon.me\/blog\/wp-json\/wp\/v2\/media?parent=413"}],"wp:term":[{"taxonomy":"category","embeddable":true,"href":"https:\/\/daimon.me\/blog\/wp-json\/wp\/v2\/categories?post=413"},{"taxonomy":"post_tag","embeddable":true,"href":"https:\/\/daimon.me\/blog\/wp-json\/wp\/v2\/tags?post=413"}],"curies":[{"name":"wp","href":"https:\/\/api.w.org\/{rel}","templated":true}]}}