{"id":43,"date":"2008-03-28T05:58:00","date_gmt":"2008-03-28T12:58:00","guid":{"rendered":"http:\/\/daimon.me\/blog\/?p=43"},"modified":"2008-03-28T05:58:00","modified_gmt":"2008-03-28T12:58:00","slug":"la-moartea-lui-pruteanu-manifest","status":"publish","type":"post","link":"https:\/\/daimon.me\/blog\/2008\/03\/la-moartea-lui-pruteanu-manifest\/","title":{"rendered":"La moartea lui Pruteanu. Manifest?"},"content":{"rendered":"<div class=\"entry\">\n<p>Aflu cu stupoare c\u0103 a murit unul dintre politicienii Rom\u00e2niei; m\u0103 rog, politician este impropriu spus, a fost om de cultur\u0103 la baz\u0103, om de litere, \u015fi a\u015fa a\u015f prefera s\u0103 \u00eel re\u0163in\u0103 posteritatea. Din p\u0103cate via\u0163a lui public\u0103 a fost mereu p\u0103tat\u0103 de mocirla \u00een care s-a b\u0103l\u0103cit al\u0103turi de colegi, politicieni versa\u0163i. Lu\u0103rile lui de cuv\u00e2nt vor r\u0103m\u00e2ne mereu \u00eenc\u0103rcate de un &#8220;ceva&#8221; indefinibil, \u00eentre patetismul omului inocent, mirarea \u00een fa\u0163a neg\u0103rii adev\u0103rului, \u015fi tragismul situa\u0163iei lui.<\/p>\n<p>\u00cenc\u0103 \u00eemi amintesc, cu pl\u0103cere \u015fi nostalgie, emisiunile lui de la TVR, &#8220;Doar o vorb\u0103 s\u0103\u0163-i mai spun&#8221;. Pot spune c\u0103 a fost unul din momentele-cheie \u00een dezvoltarea mea, cu ajutorul lui am luat contact cu lumea corectitudinii, cu o lume \u00een care nu e ru\u015fine s\u0103 studiezi, \u00een care e fain s\u0103 stai \u00een alert\u0103 dup\u0103 gre\u015feli, s\u0103 .. keep focused? Abia mult mai t\u00e2rziu am citit textele lui politice, am \u00een\u0163eles pentru cine \u015fi pentru ce a luptat el .. merit\u0103 aplauze pentru patriotsmul nedisimulat (poate \u015fi na\u0163inalism), pentru curajul de a fi v\u0103z\u0103tor \u00eentr-o lume a chiorilor \u015fi orbilor, de a da \u015futuri \u00een fund celor o meritau.<\/p>\n<p>Dar ce dracu fac eu aici? Are website, cine dore\u015fte se poate \u00eemp\u0103rt\u0103\u015fi de acolo. Panegiricul meu mai mult p\u00e2ng\u0103re\u015fte imaginea unui OM pe care nici p\u00e2n\u0103 ast\u0103zi nu \u00eel \u00een\u0163eleg complet.<\/p>\n<p>Tot ce pot spune &#8230; fi\u0163i ca el &#8230; intoleran\u0163i cu prostia &#8230; rup\u0163i de o realitate bolnav\u0103 dac\u0103 trebuie &#8230; duri cu nesim\u0163irea &#8230; fi\u0163i voi schimbarea pe care EL a dorit-o &#8230;<\/p>\n<p>Odihneasc\u0103-se \u00een pace, v\u0103z\u00e2nd c\u0103 \u00eei continu\u0103m munca!<\/p>\n<\/div>\n","protected":false},"excerpt":{"rendered":"<p>Aflu cu stupoare c\u0103 a murit unul dintre politicienii Rom\u00e2niei; m\u0103 rog, politician este impropriu spus, a fost om de cultur\u0103 la baz\u0103, om de litere, \u015fi a\u015fa a\u015f prefera s\u0103 \u00eel re\u0163in\u0103 posteritatea. Din p\u0103cate via\u0163a lui public\u0103 a fost mereu p\u0103tat\u0103 de mocirla \u00een care s-a b\u0103l\u0103cit al\u0103turi de colegi, politicieni versa\u0163i. Lu\u0103rile &#8230;<\/p>\n","protected":false},"author":4,"featured_media":0,"comment_status":"open","ping_status":"open","sticky":false,"template":"","format":"standard","meta":{"footnotes":""},"categories":[1],"tags":[],"class_list":{"0":"post-43","1":"post","2":"type-post","3":"status-publish","4":"format-standard","6":"category-fara","7":"anons"},"_links":{"self":[{"href":"https:\/\/daimon.me\/blog\/wp-json\/wp\/v2\/posts\/43","targetHints":{"allow":["GET"]}}],"collection":[{"href":"https:\/\/daimon.me\/blog\/wp-json\/wp\/v2\/posts"}],"about":[{"href":"https:\/\/daimon.me\/blog\/wp-json\/wp\/v2\/types\/post"}],"author":[{"embeddable":true,"href":"https:\/\/daimon.me\/blog\/wp-json\/wp\/v2\/users\/4"}],"replies":[{"embeddable":true,"href":"https:\/\/daimon.me\/blog\/wp-json\/wp\/v2\/comments?post=43"}],"version-history":[{"count":0,"href":"https:\/\/daimon.me\/blog\/wp-json\/wp\/v2\/posts\/43\/revisions"}],"wp:attachment":[{"href":"https:\/\/daimon.me\/blog\/wp-json\/wp\/v2\/media?parent=43"}],"wp:term":[{"taxonomy":"category","embeddable":true,"href":"https:\/\/daimon.me\/blog\/wp-json\/wp\/v2\/categories?post=43"},{"taxonomy":"post_tag","embeddable":true,"href":"https:\/\/daimon.me\/blog\/wp-json\/wp\/v2\/tags?post=43"}],"curies":[{"name":"wp","href":"https:\/\/api.w.org\/{rel}","templated":true}]}}