{"id":781,"date":"2009-12-30T05:58:52","date_gmt":"2009-12-30T03:58:52","guid":{"rendered":"http:\/\/daimon.me\/blog\/?p=781"},"modified":"2009-12-30T03:04:42","modified_gmt":"2009-12-30T01:04:42","slug":"dupa-20-de-ani","status":"publish","type":"post","link":"https:\/\/daimon.me\/blog\/2009\/12\/dupa-20-de-ani\/","title":{"rendered":"Dup\u0103 20 de ani."},"content":{"rendered":"<div class=\"entry\">\n<p style=\"text-align: justify;\">Se \u00eempline\u015fte aproape o lun\u0103 de c\u00e2nd ezit s\u0103 scriu \u00eensemnarea asta. \u00cen primul r\u00e2nd fiindc\u0103 eram prea aproape de febra alegerilor, c\u00e2nd orice opinie avut\u0103 poate fi suspect\u0103 de p\u0103rtinire. Chiar \u015fi \u00een proprii mei ochi. Pur \u015fi simplu nu am avut \u00eencrederea c\u0103 m\u0103 pot distan\u0163a suficient de firul cald al evenimentelor. Acum a trecut, oarecum &#8230;<\/p>\n<p style=\"text-align: justify;\">M\u0103 g\u00e2ndeam la Gestalt-terapia. Ei (\u015fi nu doar ei) sus\u0163in c\u0103 visul pe care \u0163i-l aminte\u015fti a doua zi diminea\u0163a reprezint\u0103 defapt por\u0163iunea &#8220;nedigerat\u0103&#8221; de c\u0103tre creier. Ce iese la lumin\u0103 din lumea lui Morfeu este ceva neprocesat \u00eenc\u0103, ceva care i-a picat greu creierului. Un fel de regurgitare, de vom\u0103 a incon\u015ftientului.<\/p>\n<p style=\"text-align: justify;\">Pe ideea asta, comunismul ar fi trebuit s\u0103 fie \u00eenghi\u0163it de c\u0103tre mentalul colectiv. Pur \u015fi simplu mi se pare de neconceput ca un om de 18-25 de ani s\u0103 discute despre comunism ca despre o realitate la care a luat parte. Noi \u015ftim mai multe despre epoca aceea din pove\u015fti, basme \u015fi ce am aflat din media sau re\u0163ea. N-am tr\u0103it \u00eendeajuns. Sigur, popula\u0163ia Rom\u00e2niei are \u00eentr-o m\u0103sur\u0103 destul de mare persoane care chiar au tr\u0103it comunismul \u00een toat\u0103 splendoarea lui. Oameni de 60 de ani care au prins \u015fi av\u00e2ntul economic. Oameni de 40 de ani care mai degrab\u0103 au prins \u00eentunecarea. Oameni de 30 de ani care au tr\u0103it co\u015fmarul. Acestora nu le po\u0163i lua amintirea vremurilor trecute.<\/p>\n<p style=\"text-align: justify;\">\u015ei mi-am zis c\u0103 la 20 de ani de la Revolu\u0163ie ar fi timpul s\u0103 fim capabili de a accepta schimbarea. Pur \u015fi simplu scena politic\u0103 interna\u0163ional\u0103 s-a schimbat radical \u00een ace\u015fti 20 de ani. Avem acum partide ale minorit\u0103\u0163ilor, \u0163igani, maghiari sau ce-or fi ei, partide ecologiste, partide ale pira\u0163ilor &#8211; pe scurt alegerea se desf\u0103\u015foar\u0103 pe mai multe planuri dec\u00e2t ro\u015fu comunistoid versus albastru liberalo-capitalist. E \u015fi greu s\u0103 tragi linia uneori, c\u0103 p\u00e2n\u0103 la urm\u0103 ecologi\u015ftilor ce le trebuie partid, nu se pot desf\u0103\u015fura \u00een ONG&#8217;uri? \u015ei chiar trebuie partidul pensionarilor?<\/p>\n<p style=\"text-align: justify;\">Faptul c\u0103 la 20 de la Revolu\u0163ie un om se bucur\u0103 c\u0103 spiritul Pie\u0163ei Universit\u0103\u0163ii e viu, mi se pare un dublu-semnal. S\u0103 cit\u0103m prima dat\u0103:<\/p>\n<blockquote>\n<p style=\"text-align: justify;\">Ma gandeam ca deja am ajuns la un grad de civilizatie, de evolutie si de distantare de vremurile si regimul trecut incat nu va mai fi nevoie ca oamenii sa iasa in strada si sa strige Jos comunismul. Ceea ce s-a intamplat astazi la Timisoara &#8211; incercare de miting PSD in Piata Operei &#8211; a miscat oamenii si in Brasov, si in Bucuresti si inteleg ca si in alte orase din tara. <a href=\"http:\/\/menaru.blogspot.com\/2009\/12\/piata-universitatii-spiritul-pietei-e.html\" target=\"_blank\">Spiritul Pietei Universitatii este inca viu si a fost resuscitat<\/a>.<\/p>\n<\/blockquote>\n<p style=\"text-align: justify;\">Un prim semnal este c\u0103 spiritul de frond\u0103 exist\u0103 \u00een Rom\u00e2nia noastr\u0103. M\u0103 bucur sincer c\u0103 exist\u0103 \u00eenc\u0103 o m\u00e2n\u0103 de oameni \u00een diverse ora\u015fe, c\u00e2teva mii probabil \u00eensuma\u0163i, care pot a-\u015fi sus\u0163ine punctul de vedere \u00een public \u015fi cu ardoare. E un semn de normalitate capacitatea oamenilor de a se mobiliza din fa\u0163a televizorului, acest templu media. \u00cens\u0103. Ie\u015firea \u00een strad\u0103 din 1 Decembrie m-a pus pe g\u00e2nduri din punct de vedere al mentalului. Am impresia direct\u0103 c\u0103 subcon\u015ftientul colectiv al Rom\u00e2niei nu a reu\u015fit s\u0103 digere comunismul aproape deloc. Fie l-a \u00eengropat ad\u00e2nc, fie \u00eel p\u0103streaz\u0103 ca etalon de compara\u0163ie. Either way, teama de ciuma ro\u015fie revine obsedant \u00een public, \u00een discursul politicienilor, \u00een media, chiar \u00een discu\u0163iile pe care le am cu oameni de v\u00e2rsta mea.<\/p>\n<p style=\"text-align: justify;\">C\u00e2nd prima schi\u0163\u0103 a articolului de fa\u0163\u0103 se contura, \u00eencercam s\u0103 subliniez argumentele pentru care comunismul trebuie uitat. \u00cengropat. M\u0103 g\u00e2ndeam c\u0103 poporul rom\u00e2n trebuie s\u0103 evite cumva capcana istoriei &#8211; s\u0103 nu cad\u0103 \u00een cursa de a fi sc\u0103pat de sub o tiranie doar pentru a se limita la a privi \u00eenapoi cu m\u00e2nie.<\/p>\n<p style=\"text-align: justify;\">Iat\u0103, ast\u0103zi citeam articolul lui Varujan Vosganian, intitulat retoric &#8220;<a href=\"http:\/\/vosganian.ro\/?p=196\" target=\"_blank\">Pe Ei cine \u00een reprezint\u0103?<\/a>&#8220;. Omul trage o concluzie dureroas\u0103 prin c\u00e2t este de adev\u0103rat\u0103:<\/p>\n<blockquote>\n<p style=\"text-align: justify;\"><span>Nimeni nu si-i asuma pe mortii cei noi. Unii, din vina de a-i fi ucis, noi ceilalti, din vina de a le fi supravietuit nevrednici. <\/span><\/p>\n<\/blockquote>\n<p style=\"text-align: justify;\"><span>Citi\u0163i, merit\u0103. Eu unul m\u0103 g\u00e2ndeam la Timi\u015foara. Avem o f\u00e2nt\u00e2n\u0103 public\u0103 pe Str. Alba Iulia, unde sunt inscrip\u0163ionate numele c\u00e2torva dintre cei c\u0103zu\u0163i la Revolu\u0163ie. Undeva \u00een spatele Muzeului Banatului avem un monument dedicat eroilor, art\u0103 abstract\u0103 c\u0103reia eu i-am dat semnifica\u0163ia de &#8220;oameni omor\u00e2\u0163i la gr\u0103mad\u0103 de armele nep\u0103rtinitoare&#8221;. \u00cen general c\u00e2nd discut\u0103m despre evenimentele ce ne-au adus libertatea, o facem vorbind \u00een general. Sunt ni\u015fte figuri f\u0103r\u0103 chip, nu-i \u015ftim cine-s ei, poate o rud\u0103 sau o cuno\u015ftin\u0163\u0103 a pierdut pe cineva \u00een m\u0103cel, dar \u00een rest &#8230;<\/span><\/p>\n<p><span>Nu doar at\u00e2t, ci lovitura de gra\u0163ie mi-o primesc tot pe pagina lui Varujan, la comentarii:<\/span><\/p>\n<blockquote>\n<p style=\"text-align: justify;\">Liviu Babes este, prin lege (din 1997) declarat erou-martir. Calin Nemes a fost declarat cetatean-erou post-mortem al Clujului (din 2006). De asumat, insa, cu adevarat, nu-i asuma nimeni. Trebuie monumente in pietele publice, trebuie introdusi in manualele scolare, trebuie afisata fotografia lor in institutii, trebuie evocati\u2026Si mai ales <a href=\"http:\/\/vosganian.ro\/?p=196&amp;cpage=1#comment-1017\" target=\"_blank\">trebuie construita lumea pe care ei au visat-o<\/a>.<\/p>\n<\/blockquote>\n<p style=\"text-align: justify;\">Stau pe scaun, privesc \u00een gol \u015fi m\u0103 \u00eentreb .. &#8220;chiar, oamenii \u0103\u015ftia ce au vrut?&#8221;. Ziceau de saloane de Cr\u0103ciun. De c\u0103ldur\u0103. De posibilitatea de a te ridica din mocirl\u0103. Le avem, oarecum, par\u0163ial, fu\u015f\u0103rit, dar le avem. Oamenii mai doreau \u00eens\u0103 ceva. Libertate. A presei. Libertatea de a c\u0103l\u0103tori. Libertatea de a avea partide politice. Libertatea pluralit\u0103\u0163ii de opinie. \u015ei c\u00e2te nu mai voiau? \u00cens\u0103 nu vom \u015fti sigur niciodat\u0103.<\/p>\n<p style=\"text-align: justify;\">Nu \u015ftim ce au visat ei, nu putem \u015fti, poate nici ei n-o \u015ftiau klar. Robul nu \u015ftie c\u0103 dore\u015fte s\u0103 tr\u0103iasc\u0103 precum \u00een America sau \u00een Europa, c\u0103 vrea libertatea total\u0103 a religiei sau totu\u015fi oarece restric\u0163ii, c\u0103 vrea droguri la liber sau legi stricte. Acestea sunt dezbateri care apar\u0163in lumii civilizate, or robul \u015ftie c\u0103 vrea un singur lucru: s\u0103 fie LIBER. Pur \u015fi simplu nu-\u015fi reprezint\u0103 \u00eentreaga pleiad\u0103 de posibilit\u0103\u0163i \u015fi alegeri care i se deschid \u00een fa\u0163\u0103, nu le poate vedea concret, doar le imagineaz\u0103 \u015fi intuie\u015fte vag.<\/p>\n<p style=\"text-align: justify;\">Ajuns \u00een acest punct, mi se str\u00e2nge inima dorind s\u0103 trag o concluzie. Argumenta\u0163ia m-ar \u00eendemna s\u0103 spun simplu c\u0103 Revolu\u0163ia trebuie \u00eengropat\u0103, ca o ran\u0103 supur\u00e2nd\u0103. C\u0103 pentru a merge mai departe, trebuie s\u0103 reu\u015fim a vedea mai larg dec\u00e2t spectrul bi-color \u015fi bi-ideologic. \u00cen acest sens, oamenii \u00een 1992 erau mai liberi ca noi. \u00cen 1992 existau peste 50 de partide, fiecare exers\u00e2nd democra\u0163ia a\u015fa cum \u015ftiau ei. Noi, modernii, inteligen\u0163ii, \u015farman\u0163ii, avem pe scen\u0103 5 sau 6 partide \u015fi oameni vizibili, \u00een rest un gol imens.<\/p>\n<p>\u015ei totu\u015fi, nu pot cere nim\u0103nui s\u0103 uite revolu\u0163ia, nici m\u0103car mie \u00eensumi. Trebuie s\u0103 tr\u0103im ce au dorit ei, nu s\u0103 \u00eengrop\u0103m. Da, Vosganian zice bine. Trebuie statui. \u015ei manuale. \u015ei s\u0103 \u00eencerc\u0103m s\u0103 \u00een\u0163elegem fiecare ce-au dorit oamenii aceia pentru noi. Nu s\u0103 accept\u0103m neap\u0103rat. Doar s\u0103 \u00een\u0163elegem, profund.<\/p>\n<p>\u015ei apoi s\u0103 aplic\u0103m. Un \u00eenceput bun este <a href=\"http:\/\/ro.wikisource.org\/wiki\/Proclama%C5%A3ia_de_la_Timi%C5%9Foara\" target=\"_blank\">Proclama\u0163ia de la Timi\u015foara<\/a>. Se \u00eemplinesc 20 de ani de c\u00e2nd la punctul 6 st\u0103 scrie cu litere de foc<\/p>\n<blockquote>\n<p style=\"text-align: justify;\">Existen\u0163a lor (a prejudec\u0103\u0163ilor) nu este o vin\u0103 pentru purt\u0103tor. Manipularea lor, \u00eens\u0103, de c\u0103tre grupuri interesate \u00een rena\u015fterea comunismului \u015fi reinstaurarea lui la putere este un act contrarevolu\u0163ionar.<\/p>\n<\/blockquote>\n<p>Dap, \u015fi eu credeau c\u0103 nu trebuiesc refolosite lozinci vechi pentru timpuri noi. C\u0103 nu orice fiu de securist este \u015fi el un dictator, \u015fi c\u0103 nu orice fiu de Bill Gates va fi un capitalist rapace. \u015ei totu\u015fi, iat\u0103, la 20 de ani dup\u0103, tot mai judec\u0103m \u00een termeni de ro\u015fu sau liber.<\/p>\n<p>Sau s\u0103 spun de celebrul punct 8?<\/p>\n<blockquote>\n<p style=\"text-align: justify;\">propunem ca legea electoral\u0103 s\u0103 interzic\u0103 pentru primele trei legislaturi consecutive dreptul la candidatur\u0103, pe orice list\u0103, al fo\u015ftilor activi\u015fti comuni\u015fti \u015fi al fo\u015ftilor ofi\u0163eri de Securitate. Prezen\u0163a lor \u00een via\u0163a politic\u0103 a \u0163\u0103rii este principala surs\u0103 a tensiunilor \u015fi suspiciunilor care fr\u0103m\u00e2nt\u0103 ast\u0103zi societatea rom\u00e2neasc\u0103.<\/p>\n<\/blockquote>\n<p>M\u0103car simbolic. Prin izgonirea fostelor lichele am izb\u0103vi \u0163ara de unul dintre motivele de vrajb\u0103. Doar unul. Prostiile becaliene \u015fi eleno-b\u0103sesciene sunt libere s\u0103 se desf\u0103\u015foare mai departe. \u015ei corolar, punctul 10:<\/p>\n<blockquote><p>De\u015fi milit\u0103m pentru reeuropenizarea Rom\u00e2niei, nu dorim copierea sistemelor capitaliste occidentale, care \u00ee\u015fi au neajunsurile \u015fi inechit\u0103\u0163ile lor.<\/p><\/blockquote>\n<p>&#8221; .. cravatei cum s\u0103-i lege nodul&#8221;, remember, ne mai spune ceva?<\/p>\n<p>Comunismul, revolu\u0163ia, mor\u0163ii, scand\u0103rile hipnotice, mineriadele &#8230; toate acestea revin \u00een mentalul colectiv ca ni\u015fte vise tulburi, neclare, \u00eence\u0163o\u015fate. Nu am o solu\u0163ie, nu pot spune nici c\u0103 trebuie s\u0103 uit\u0103m nici c\u0103 scurm\u00e2nd \u00een ran\u0103 vom ob\u0163ine prea mare lucru.<\/p>\n<p>But I can&#8217;t help thinking &#8230; :(<\/p>\n<div id=\"_mcePaste\" style=\"overflow: hidden; position: absolute; left: -10000px; top: 751px; width: 1px; height: 1px;\">Liviu Babes este, prin lege (din 1997) declarat erou-martir. Calin Nemes a fost declarat cetatean-erou post-mortem al Clujului (din 2006). De asumat, insa, cu adevarat, nu-i asuma nimeni. Trebuie monumente in pietele publice, trebuie introdusi in manualele scolare, trebuie afisata fotografia lor in institutii, trebuie evocati\u2026Si mai ales trebuie construita lumea pe care ei au visat-o.<\/div>\n<\/div>\n","protected":false},"excerpt":{"rendered":"<p>Se \u00eempline\u015fte aproape o lun\u0103 de c\u00e2nd ezit s\u0103 scriu \u00eensemnarea asta. \u00cen primul r\u00e2nd fiindc\u0103 eram prea aproape de febra alegerilor, c\u00e2nd orice opinie avut\u0103 poate fi suspect\u0103 de p\u0103rtinire. Chiar \u015fi \u00een proprii mei ochi. Pur \u015fi simplu nu am avut \u00eencrederea c\u0103 m\u0103 pot distan\u0163a suficient de firul cald al evenimentelor. Acum &#8230;<\/p>\n","protected":false},"author":4,"featured_media":0,"comment_status":"open","ping_status":"open","sticky":false,"template":"","format":"standard","meta":{"footnotes":""},"categories":[1],"tags":[],"class_list":{"0":"post-781","1":"post","2":"type-post","3":"status-publish","4":"format-standard","6":"category-fara","7":"anons"},"_links":{"self":[{"href":"https:\/\/daimon.me\/blog\/wp-json\/wp\/v2\/posts\/781","targetHints":{"allow":["GET"]}}],"collection":[{"href":"https:\/\/daimon.me\/blog\/wp-json\/wp\/v2\/posts"}],"about":[{"href":"https:\/\/daimon.me\/blog\/wp-json\/wp\/v2\/types\/post"}],"author":[{"embeddable":true,"href":"https:\/\/daimon.me\/blog\/wp-json\/wp\/v2\/users\/4"}],"replies":[{"embeddable":true,"href":"https:\/\/daimon.me\/blog\/wp-json\/wp\/v2\/comments?post=781"}],"version-history":[{"count":1,"href":"https:\/\/daimon.me\/blog\/wp-json\/wp\/v2\/posts\/781\/revisions"}],"predecessor-version":[{"id":784,"href":"https:\/\/daimon.me\/blog\/wp-json\/wp\/v2\/posts\/781\/revisions\/784"}],"wp:attachment":[{"href":"https:\/\/daimon.me\/blog\/wp-json\/wp\/v2\/media?parent=781"}],"wp:term":[{"taxonomy":"category","embeddable":true,"href":"https:\/\/daimon.me\/blog\/wp-json\/wp\/v2\/categories?post=781"},{"taxonomy":"post_tag","embeddable":true,"href":"https:\/\/daimon.me\/blog\/wp-json\/wp\/v2\/tags?post=781"}],"curies":[{"name":"wp","href":"https:\/\/api.w.org\/{rel}","templated":true}]}}